{"id":4085,"date":"2023-12-14T17:02:57","date_gmt":"2023-12-14T21:02:57","guid":{"rendered":"https:\/\/jornaloalvorada.com.br\/site\/?p=4085"},"modified":"2023-12-14T17:02:59","modified_gmt":"2023-12-14T21:02:59","slug":"carlos-alberto-de-nobrega-precisara-retirar-coagulo-do-cerebro","status":"publish","type":"post","link":"https:\/\/jornaloalvorada.com.br\/site\/2023\/12\/14\/carlos-alberto-de-nobrega-precisara-retirar-coagulo-do-cerebro\/","title":{"rendered":"Carlos Alberto de N\u00f3brega precisar\u00e1 retirar co\u00e1gulo do c\u00e9rebro"},"content":{"rendered":"\n<p>O humorista Carlos Alberto de N\u00f3brega, de 87 anos, voltou a ser internado e precisar\u00e1 passar por cirurgia cerebral. O apresentador ir\u00e1 retirar um co\u00e1gulo no c\u00e9rebro, detectado em seus \u00faltimos exames. A opera\u00e7\u00e3o ser\u00e1 nesta quinta-feira (14\/12) no hospital S\u00edrio-Liban\u00eas, em S\u00e3o Paulo.<\/p>\n\n\n\n<p>Nas redes sociais, a filha do humorista, Maria Fernanda N\u00f3brega comentou a interna\u00e7\u00e3o do pai.<\/p>\n\n\n\n<p>\u201cT\u00e1 tudo bem com o meu pai. Ele caiu h\u00e1 um m\u00eas e o sangramento continuou. Os m\u00e9dicos acharam melhor operar, mas t\u00e1 tudo bem\u201d, garantiu ela.<\/p>\n\n\n\n<p>Maria Fernanda ainda aproveitou para fazer um esclarecimento. \u201cJ\u00e1 sei que vou receber mensagens perguntando o porqu\u00ea eu n\u00e3o fui para S\u00e3o Paulo. Meu pai pediu pra eu n\u00e3o ir e eu vou respeitar a vontade dele\u201d, explicou.<\/p>\n\n\n\n<p>A filha de Carlos Alberto de N\u00f3brega completou: \u201cSegunda eu queria pegar o primeiro voo e ir, l\u00f3gico, mas vou respeitar a vontade da pessoa e vou tentar fazer algo para me distrair durante o dia\u201d, acrescentou.<\/p>\n\n\n\n<p>Carlos Alberto de N\u00f3brega sofreu um acidente dom\u00e9stico no in\u00edcio de novembro e precisou ser hospitalizado. O humorista trincou uma costela e bateu a cabe\u00e7a em decorr\u00eancia da queda.<\/p>\n\n\n\n<p><strong><em>FONTE: terrabrasilnoticias.com<\/em><\/strong><\/p>\n","protected":false},"excerpt":{"rendered":"<p>O humorista Carlos Alberto de N\u00f3brega, de 87 anos, voltou a ser internado e precisar\u00e1 passar por cirurgia cerebral. O<\/p>\n","protected":false},"author":1,"featured_media":4086,"comment_status":"open","ping_status":"open","sticky":false,"template":"","format":"standard","meta":{"footnotes":""},"categories":[3],"tags":[],"class_list":["post-4085","post","type-post","status-publish","format-standard","has-post-thumbnail","hentry","category-social"],"_links":{"self":[{"href":"https:\/\/jornaloalvorada.com.br\/site\/wp-json\/wp\/v2\/posts\/4085","targetHints":{"allow":["GET"]}}],"collection":[{"href":"https:\/\/jornaloalvorada.com.br\/site\/wp-json\/wp\/v2\/posts"}],"about":[{"href":"https:\/\/jornaloalvorada.com.br\/site\/wp-json\/wp\/v2\/types\/post"}],"author":[{"embeddable":true,"href":"https:\/\/jornaloalvorada.com.br\/site\/wp-json\/wp\/v2\/users\/1"}],"replies":[{"embeddable":true,"href":"https:\/\/jornaloalvorada.com.br\/site\/wp-json\/wp\/v2\/comments?post=4085"}],"version-history":[{"count":1,"href":"https:\/\/jornaloalvorada.com.br\/site\/wp-json\/wp\/v2\/posts\/4085\/revisions"}],"predecessor-version":[{"id":4087,"href":"https:\/\/jornaloalvorada.com.br\/site\/wp-json\/wp\/v2\/posts\/4085\/revisions\/4087"}],"wp:featuredmedia":[{"embeddable":true,"href":"https:\/\/jornaloalvorada.com.br\/site\/wp-json\/wp\/v2\/media\/4086"}],"wp:attachment":[{"href":"https:\/\/jornaloalvorada.com.br\/site\/wp-json\/wp\/v2\/media?parent=4085"}],"wp:term":[{"taxonomy":"category","embeddable":true,"href":"https:\/\/jornaloalvorada.com.br\/site\/wp-json\/wp\/v2\/categories?post=4085"},{"taxonomy":"post_tag","embeddable":true,"href":"https:\/\/jornaloalvorada.com.br\/site\/wp-json\/wp\/v2\/tags?post=4085"}],"curies":[{"name":"wp","href":"https:\/\/api.w.org\/{rel}","templated":true}]}}