{"id":4070,"date":"2023-12-13T08:34:28","date_gmt":"2023-12-13T12:34:28","guid":{"rendered":"https:\/\/jornaloalvorada.com.br\/site\/?p=4070"},"modified":"2023-12-13T08:34:31","modified_gmt":"2023-12-13T12:34:31","slug":"temperaturas-voltam-a-subir-em-ms-mas-chuvas-nao-sao-descartadas-nesta-quarta-feira","status":"publish","type":"post","link":"https:\/\/jornaloalvorada.com.br\/site\/2023\/12\/13\/temperaturas-voltam-a-subir-em-ms-mas-chuvas-nao-sao-descartadas-nesta-quarta-feira\/","title":{"rendered":"Temperaturas voltam a subir em MS mas chuvas n\u00e3o s\u00e3o descartadas nesta quarta-feira"},"content":{"rendered":"\n<p><div id=\"page\" class=\"hfeed site\"><div id=\"main\" class=\"clearfix\"><div class=\"inner-wrap clearfix\"><div id=\"primary\"><div id=\"content\" class=\"clearfix\"><article id=\"post-4408\" class=\"post-4408 post type-post status-publish format-standard has-post-thumbnail hentry category-clima\"><div class=\"article-content clearfix\"><div class=\"entry-content clearfix\"> <p>Para esta quarta-feira (13), a previs\u00e3o do Cemtec (Centro de  Monitoramento do Tempo e do Clima) indica aumento nas temperaturas, com  sol e varia\u00e7\u00e3o de nebulosidade. Al\u00e9m disso, n\u00e3o se descartam pancadas de  chuvas isoladas e, pontualmente, tempestades acompanhadas de raios e  rajadas de vento.<\/p> <p>Segundo o Cemtec, essas instabilidades ocorrem devido a combina\u00e7\u00e3o de  calor e umidade. \u201c\u00c9 uma situa\u00e7\u00e3o t\u00edpica de ver\u00e3o, com disponibilidade  de calor e umidade, as chuvas tendem a ser irregulares, onde chove em  uma cidade ou bairro e na cidade\/bairro vizinho n\u00e3o passa de um aumento  de nebulosidade\u201d.<\/p> <p>Campo Grande tem m\u00ednima de 23\u00b0C e m\u00e1xima de 33\u00b0C. Dourados registra  23\u00b0C pela manh\u00e3 e 33\u00b0C \u00e0 tarde. Na regi\u00e3o Sul-Fronteira, Ponta Por\u00e3  apresenta varia\u00e7\u00e3o entre 22\u00b0C e 32\u00b0C. Anauril\u00e2ndia tem m\u00ednima de 23\u00b0C e  m\u00e1xima de 34\u00b0C.<\/p> <p>No Bols\u00e3o, os term\u00f4metros em Tr\u00eas Lagoas marcam 24\u00b0C inicialmente e  atingem os 36\u00b0C ao longo do dia, j\u00e1 Parana\u00edba tem m\u00ednima de 23\u00b0C e  m\u00e1xima de 35\u00b0C. Coxim, no Norte, tem m\u00ednima de 24\u00b0C e m\u00e1xima de 35\u00b0C.<\/p> <p>Na regi\u00e3o pantaneira, Aquidauana e Corumb\u00e1 chegam aos 34\u00b0C nos  hor\u00e1rios mais quentes do dia, mas amanhecem com 25\u00b0C e 26\u00b0C,  respectivamente. Porto Murtinho, no Sudoeste do estado, tem m\u00ednima de  26\u00b0C e m\u00e1xima de 36\u00b0C.<\/p> <p><em>Heloisa Duim, Programa de Est\u00e1gio Supervisionado<\/em><em>Foto: Bruno Rezende<\/em><\/p> <\/div><\/div><\/article><\/div><\/div><\/div><\/div><\/div><\/p>\n","protected":false},"excerpt":{"rendered":"<p>Para esta quarta-feira (13), a previs\u00e3o do Cemtec (Centro de Monitoramento do Tempo e do Clima) indica aumento nas temperaturas,<\/p>\n","protected":false},"author":1,"featured_media":4071,"comment_status":"open","ping_status":"open","sticky":false,"template":"","format":"standard","meta":{"footnotes":""},"categories":[2],"tags":[],"class_list":["post-4070","post","type-post","status-publish","format-standard","has-post-thumbnail","hentry","category-noticias"],"_links":{"self":[{"href":"https:\/\/jornaloalvorada.com.br\/site\/wp-json\/wp\/v2\/posts\/4070","targetHints":{"allow":["GET"]}}],"collection":[{"href":"https:\/\/jornaloalvorada.com.br\/site\/wp-json\/wp\/v2\/posts"}],"about":[{"href":"https:\/\/jornaloalvorada.com.br\/site\/wp-json\/wp\/v2\/types\/post"}],"author":[{"embeddable":true,"href":"https:\/\/jornaloalvorada.com.br\/site\/wp-json\/wp\/v2\/users\/1"}],"replies":[{"embeddable":true,"href":"https:\/\/jornaloalvorada.com.br\/site\/wp-json\/wp\/v2\/comments?post=4070"}],"version-history":[{"count":1,"href":"https:\/\/jornaloalvorada.com.br\/site\/wp-json\/wp\/v2\/posts\/4070\/revisions"}],"predecessor-version":[{"id":4072,"href":"https:\/\/jornaloalvorada.com.br\/site\/wp-json\/wp\/v2\/posts\/4070\/revisions\/4072"}],"wp:featuredmedia":[{"embeddable":true,"href":"https:\/\/jornaloalvorada.com.br\/site\/wp-json\/wp\/v2\/media\/4071"}],"wp:attachment":[{"href":"https:\/\/jornaloalvorada.com.br\/site\/wp-json\/wp\/v2\/media?parent=4070"}],"wp:term":[{"taxonomy":"category","embeddable":true,"href":"https:\/\/jornaloalvorada.com.br\/site\/wp-json\/wp\/v2\/categories?post=4070"},{"taxonomy":"post_tag","embeddable":true,"href":"https:\/\/jornaloalvorada.com.br\/site\/wp-json\/wp\/v2\/tags?post=4070"}],"curies":[{"name":"wp","href":"https:\/\/api.w.org\/{rel}","templated":true}]}}