{"id":4039,"date":"2023-12-11T15:26:09","date_gmt":"2023-12-11T19:26:09","guid":{"rendered":"https:\/\/jornaloalvorada.com.br\/site\/?p=4039"},"modified":"2023-12-11T15:26:13","modified_gmt":"2023-12-11T19:26:13","slug":"prazo-para-plantio-de-soja-tem-alteracoes-neste-final-de-ano-em-mato-grosso-do-sul","status":"publish","type":"post","link":"https:\/\/jornaloalvorada.com.br\/site\/2023\/12\/11\/prazo-para-plantio-de-soja-tem-alteracoes-neste-final-de-ano-em-mato-grosso-do-sul\/","title":{"rendered":"Prazo para plantio de soja tem altera\u00e7\u00f5es neste final de ano em Mato Grosso do Sul"},"content":{"rendered":"\n<p>O \u00faltimo dia para o plantio de soja em Mato Grosso do Sul ser\u00e1 24 de dezembro. Ap\u00f3s esta data, come\u00e7a o per\u00edodo conhecido como vazio sanit\u00e1rio da soja, quando \u00e9 proibido o plantio da cultura.<\/p>\n\n\n\n<p>A medida \u00e9 adotada pela Iagro (Ag\u00eancia Estadual de Defesa Sanit\u00e1ria Animal e Vegetal, ligada \u00e0 Semadec (Secretaria de Estado de Meio Ambiente, Desenvolvimento, Ci\u00eancia, Tecnologia e Inova\u00e7\u00e3o) com base em determina\u00e7\u00e3o do Minist\u00e9rio da Agricultura, Pecu\u00e1ria e Abastecimento.<\/p>\n\n\n\n<p>O vazio sanit\u00e1rio deve ter no m\u00ednimo 90 dias, em que n\u00e3o se pode plantar e nem manter vivas plantas de soja em qualquer fase de desenvolvimento na \u00e1rea determinada. O objetivo \u00e9 reduzir ao m\u00e1ximo poss\u00edvel o risco de desenvolver a ferrugem asi\u00e1tica da soja, considerada uma das mais severas doen\u00e7as que incidem na cultura.<\/p>\n\n\n\n<p>A medida implementada no Programa Nacional de Controle da Ferrugem Asi\u00e1tica da Soja (PNCFS) visa \u00e0 racionaliza\u00e7\u00e3o do n\u00famero de aplica\u00e7\u00f5es de fungicidas e a redu\u00e7\u00e3o dos riscos de desenvolver doen\u00e7as ligadas aos fungos destas planta\u00e7\u00f5es.<\/p>\n\n\n\n<p>Em caso de d\u00favidas, orienta\u00e7\u00f5es ou den\u00fancias, entre em contato com a Iagro atrav\u00e9s dos n\u00fameros: 0800 647 2788 ou (67) 99971-8163.<\/p>\n\n\n\n<p><em>Jo\u00e3o Pedro Flores, Programa de Est\u00e1gio Supervisionado<\/em><br><em>Foto: Bruno Rezende<\/em><\/p>\n","protected":false},"excerpt":{"rendered":"<p>O \u00faltimo dia para o plantio de soja em Mato Grosso do Sul ser\u00e1 24 de dezembro. Ap\u00f3s esta data,<\/p>\n","protected":false},"author":1,"featured_media":4040,"comment_status":"open","ping_status":"open","sticky":false,"template":"","format":"standard","meta":{"footnotes":""},"categories":[2],"tags":[],"class_list":["post-4039","post","type-post","status-publish","format-standard","has-post-thumbnail","hentry","category-noticias"],"_links":{"self":[{"href":"https:\/\/jornaloalvorada.com.br\/site\/wp-json\/wp\/v2\/posts\/4039","targetHints":{"allow":["GET"]}}],"collection":[{"href":"https:\/\/jornaloalvorada.com.br\/site\/wp-json\/wp\/v2\/posts"}],"about":[{"href":"https:\/\/jornaloalvorada.com.br\/site\/wp-json\/wp\/v2\/types\/post"}],"author":[{"embeddable":true,"href":"https:\/\/jornaloalvorada.com.br\/site\/wp-json\/wp\/v2\/users\/1"}],"replies":[{"embeddable":true,"href":"https:\/\/jornaloalvorada.com.br\/site\/wp-json\/wp\/v2\/comments?post=4039"}],"version-history":[{"count":1,"href":"https:\/\/jornaloalvorada.com.br\/site\/wp-json\/wp\/v2\/posts\/4039\/revisions"}],"predecessor-version":[{"id":4041,"href":"https:\/\/jornaloalvorada.com.br\/site\/wp-json\/wp\/v2\/posts\/4039\/revisions\/4041"}],"wp:featuredmedia":[{"embeddable":true,"href":"https:\/\/jornaloalvorada.com.br\/site\/wp-json\/wp\/v2\/media\/4040"}],"wp:attachment":[{"href":"https:\/\/jornaloalvorada.com.br\/site\/wp-json\/wp\/v2\/media?parent=4039"}],"wp:term":[{"taxonomy":"category","embeddable":true,"href":"https:\/\/jornaloalvorada.com.br\/site\/wp-json\/wp\/v2\/categories?post=4039"},{"taxonomy":"post_tag","embeddable":true,"href":"https:\/\/jornaloalvorada.com.br\/site\/wp-json\/wp\/v2\/tags?post=4039"}],"curies":[{"name":"wp","href":"https:\/\/api.w.org\/{rel}","templated":true}]}}