{"id":4034,"date":"2023-12-11T11:55:37","date_gmt":"2023-12-11T15:55:37","guid":{"rendered":"https:\/\/jornaloalvorada.com.br\/site\/?p=4034"},"modified":"2023-12-11T11:58:11","modified_gmt":"2023-12-11T15:58:11","slug":"prefeito-paleari-diploma-os-novos-conselheiros-tutelares-eleitos-em-nova-alvorada-do-sul","status":"publish","type":"post","link":"https:\/\/jornaloalvorada.com.br\/site\/2023\/12\/11\/prefeito-paleari-diploma-os-novos-conselheiros-tutelares-eleitos-em-nova-alvorada-do-sul\/","title":{"rendered":"Prefeito Paleari diploma os novos conselheiros tutelares eleitos em Nova Alvorada do Sul"},"content":{"rendered":"\n<p>A Prefeitura Municipal, atrav\u00e9s da Secretaria de Assist\u00eancia Social e do Conselho Municipal dos Direitos da Crian\u00e7a e do Adolescente (CMDCA), realizou nesta sexta-feira (8), a diploma\u00e7\u00e3o dos novos conselheiros e suplentes de Nova Alvorada do Sul.<\/p>\n\n\n\n<p>A diploma\u00e7\u00e3o aconteceu no Pr\u00e9dio do Conviver e contou com a presen\u00e7a do prefeito Jos\u00e9 Paulo Paleari e da secret\u00e1ria de Assist\u00eancia Social Rosana Pinheiro.<\/p>\n\n\n\n<figure class=\"wp-block-image size-full\"><img loading=\"lazy\" decoding=\"async\" width=\"839\" height=\"494\" src=\"http:\/\/jornaloalvorada.com.br\/site\/wp-content\/uploads\/2023\/12\/nas.png\" alt=\"\" class=\"wp-image-4035\" srcset=\"https:\/\/jornaloalvorada.com.br\/site\/wp-content\/uploads\/2023\/12\/nas.png 839w, https:\/\/jornaloalvorada.com.br\/site\/wp-content\/uploads\/2023\/12\/nas-300x177.png 300w, https:\/\/jornaloalvorada.com.br\/site\/wp-content\/uploads\/2023\/12\/nas-768x452.png 768w\" sizes=\"auto, (max-width: 839px) 100vw, 839px\" \/><\/figure>\n\n\n\n<p>Os novos conselheiros tutelares foram eleitos em outubro e ter\u00e3o mandato de quatro anos. Eles s\u00e3o respons\u00e1veis por zelar pelo cumprimento dos direitos da crian\u00e7a e do adolescente no munic\u00edpio.<\/p>\n\n\n\n<p>Durante a cerim\u00f4nia, o prefeito Jos\u00e9 Paulo Paleari destacou a import\u00e2ncia do Conselho Tutelar. &#8220;O Conselho Tutelar \u00e9 um \u00f3rg\u00e3o fundamental para a prote\u00e7\u00e3o das crian\u00e7as e dos adolescentes. \u00c9 um trabalho \u00e1rduo e de muita dedica\u00e7\u00e3o, mas que \u00e9 essencial para garantir os direitos de toda a nossa juventude&#8221;, disse o prefeito.<\/p>\n\n\n\n<p>O prefeito tamb\u00e9m ressaltou a import\u00e2ncia da participa\u00e7\u00e3o da sociedade civil na escolha dos conselheiros tutelares. &#8220;A sociedade civil foi fundamental para a realiza\u00e7\u00e3o deste processo eleitoral. Os conselheiros tutelares s\u00e3o representantes da sociedade e devem atuar de forma independente e imparcial. Desejo a todos um bom mandato e que voc\u00eas possam desempenhar suas fun\u00e7\u00f5es com dedica\u00e7\u00e3o e responsabilidade&#8221;, disse o prefeito.<\/p>\n\n\n\n<p>Conselheiros diplomados<\/p>\n\n\n\n<p>Titulares:<br>Patr\u00edcia Munh\u00f5es<br>Eduardo Barrios<br>Maria Ant\u00f4nia<br>Rafaelly Ariana<br>Franciele Lopes<\/p>\n\n\n\n<p>Suplentes:<br>Dion\u00edsio Feltrin<br>Mabel de Souza<br>Josiane Lichioli<br>Dheniffer dos Santos Sabino<\/p>\n","protected":false},"excerpt":{"rendered":"<p>A Prefeitura Municipal, atrav\u00e9s da Secretaria de Assist\u00eancia Social e do Conselho Municipal dos Direitos da Crian\u00e7a e do Adolescente<\/p>\n","protected":false},"author":1,"featured_media":4037,"comment_status":"open","ping_status":"open","sticky":false,"template":"","format":"standard","meta":{"footnotes":""},"categories":[2],"tags":[],"class_list":["post-4034","post","type-post","status-publish","format-standard","has-post-thumbnail","hentry","category-noticias"],"_links":{"self":[{"href":"https:\/\/jornaloalvorada.com.br\/site\/wp-json\/wp\/v2\/posts\/4034","targetHints":{"allow":["GET"]}}],"collection":[{"href":"https:\/\/jornaloalvorada.com.br\/site\/wp-json\/wp\/v2\/posts"}],"about":[{"href":"https:\/\/jornaloalvorada.com.br\/site\/wp-json\/wp\/v2\/types\/post"}],"author":[{"embeddable":true,"href":"https:\/\/jornaloalvorada.com.br\/site\/wp-json\/wp\/v2\/users\/1"}],"replies":[{"embeddable":true,"href":"https:\/\/jornaloalvorada.com.br\/site\/wp-json\/wp\/v2\/comments?post=4034"}],"version-history":[{"count":2,"href":"https:\/\/jornaloalvorada.com.br\/site\/wp-json\/wp\/v2\/posts\/4034\/revisions"}],"predecessor-version":[{"id":4038,"href":"https:\/\/jornaloalvorada.com.br\/site\/wp-json\/wp\/v2\/posts\/4034\/revisions\/4038"}],"wp:featuredmedia":[{"embeddable":true,"href":"https:\/\/jornaloalvorada.com.br\/site\/wp-json\/wp\/v2\/media\/4037"}],"wp:attachment":[{"href":"https:\/\/jornaloalvorada.com.br\/site\/wp-json\/wp\/v2\/media?parent=4034"}],"wp:term":[{"taxonomy":"category","embeddable":true,"href":"https:\/\/jornaloalvorada.com.br\/site\/wp-json\/wp\/v2\/categories?post=4034"},{"taxonomy":"post_tag","embeddable":true,"href":"https:\/\/jornaloalvorada.com.br\/site\/wp-json\/wp\/v2\/tags?post=4034"}],"curies":[{"name":"wp","href":"https:\/\/api.w.org\/{rel}","templated":true}]}}