{"id":4027,"date":"2023-12-11T11:52:01","date_gmt":"2023-12-11T15:52:01","guid":{"rendered":"https:\/\/jornaloalvorada.com.br\/site\/?p=4027"},"modified":"2023-12-11T11:54:11","modified_gmt":"2023-12-11T15:54:11","slug":"nova-alvorada-do-sul-recebe-oficialmente-a-terceira-edicao-do-natal-de-luz-com-a-chegada-do-papai-noel-e-iluminacao-natalina","status":"publish","type":"post","link":"https:\/\/jornaloalvorada.com.br\/site\/2023\/12\/11\/nova-alvorada-do-sul-recebe-oficialmente-a-terceira-edicao-do-natal-de-luz-com-a-chegada-do-papai-noel-e-iluminacao-natalina\/","title":{"rendered":"Nova Alvorada do Sul recebe oficialmente a terceira edi\u00e7\u00e3o do Natal de Luz com a chegada do Papai Noel e ilumina\u00e7\u00e3o natalina"},"content":{"rendered":"\n<p>A Prefeitura Municipal de Nova Alvorada do Sul realizou, na noite de ontem (9), o lan\u00e7amento da terceira edi\u00e7\u00e3o do Natal de Luz, no Parque Nelson Terer\u00e9. O evento contou com a presen\u00e7a do prefeito Jos\u00e9 Paulo Paleari e dos vereadores da C\u00e2mara Municipal.<\/p>\n\n\n\n<figure class=\"wp-block-image size-full\"><img loading=\"lazy\" decoding=\"async\" width=\"965\" height=\"643\" src=\"https:\/\/jornaloalvorada.com.br\/site\/wp-content\/uploads\/2023\/12\/image-7.png\" alt=\"\" class=\"wp-image-4030\" srcset=\"https:\/\/jornaloalvorada.com.br\/site\/wp-content\/uploads\/2023\/12\/image-7.png 965w, https:\/\/jornaloalvorada.com.br\/site\/wp-content\/uploads\/2023\/12\/image-7-300x200.png 300w, https:\/\/jornaloalvorada.com.br\/site\/wp-content\/uploads\/2023\/12\/image-7-768x512.png 768w\" sizes=\"auto, (max-width: 965px) 100vw, 965px\" \/><\/figure>\n\n\n\n<p>A cerim\u00f4nia de lan\u00e7amento foi aberta com a chegada do Papai Noel acompanhado do Prefeito Paleari, da Primeira Dama Maite Paleari e dos secret\u00e1rios municipais, que foram recebidos com uma grande festa pela popula\u00e7\u00e3o. Em seguida, o prefeito Jos\u00e9 Paulo Paleari fez um discurso em que destacou a import\u00e2ncia do natal e a uni\u00e3o de todos.<\/p>\n\n\n\n<p>&#8220;O Natal de Luz \u00e9 um evento que j\u00e1 faz parte da nossa tradi\u00e7\u00e3o. \u00c9 uma oportunidade para celebrarmos o esp\u00edrito natalino e para promovermos a cultura de nossa cidade. Neste ano, o Natal de Luz est\u00e1 ainda mais especial, estamos inaugurando uma nova ilumina\u00e7\u00e3o natalina, que vai deixar o Parque Nelson Terer\u00e9 ainda mais lindo e encantador\u201d, disse o prefeito.<\/p>\n\n\n\n<figure class=\"wp-block-image size-full\"><img loading=\"lazy\" decoding=\"async\" width=\"965\" height=\"643\" src=\"https:\/\/jornaloalvorada.com.br\/site\/wp-content\/uploads\/2023\/12\/image-8.png\" alt=\"\" class=\"wp-image-4032\" srcset=\"https:\/\/jornaloalvorada.com.br\/site\/wp-content\/uploads\/2023\/12\/image-8.png 965w, https:\/\/jornaloalvorada.com.br\/site\/wp-content\/uploads\/2023\/12\/image-8-300x200.png 300w, https:\/\/jornaloalvorada.com.br\/site\/wp-content\/uploads\/2023\/12\/image-8-768x512.png 768w\" sizes=\"auto, (max-width: 965px) 100vw, 965px\" \/><\/figure>\n\n\n\n<p>Ap\u00f3s o discurso do prefeito, foi inaugurada a ilumina\u00e7\u00e3o natalina do Parque Nelson Terer\u00e9. A ilumina\u00e7\u00e3o \u00e9 composta por \u00e1rvores natalinas, estrelas brilhantes, nova roupagem da tradicional casinha do papai noel, anjos de luz e muitas outras novidades que est\u00e3o distribu\u00eddas por todo o parque.<\/p>\n\n\n\n<p>A programa\u00e7\u00e3o do Natal de Luz tamb\u00e9m est\u00e1 repleta de atra\u00e7\u00f5es para toda a fam\u00edlia. Durante toda semana ser\u00e3o realizadas apresenta\u00e7\u00f5es culturais dos projetos da Coordenadoria de Cultura e Turismo.<\/p>\n\n\n\n<p>O Natal de Luz de Nova Alvorada do Sul vai acontecer at\u00e9 o dia 22 de dezembro. Durante esse per\u00edodo, o Parque Nelson Terer\u00e9 estar\u00e1 aberto todos os dias, das 18h \u00e0s 22h. A entrada \u00e9 gratuita.<\/p>\n","protected":false},"excerpt":{"rendered":"<p>A Prefeitura Municipal de Nova Alvorada do Sul realizou, na noite de ontem (9), o lan\u00e7amento da terceira edi\u00e7\u00e3o do<\/p>\n","protected":false},"author":1,"featured_media":4028,"comment_status":"open","ping_status":"open","sticky":false,"template":"","format":"standard","meta":{"footnotes":""},"categories":[2],"tags":[],"class_list":["post-4027","post","type-post","status-publish","format-standard","has-post-thumbnail","hentry","category-noticias"],"_links":{"self":[{"href":"https:\/\/jornaloalvorada.com.br\/site\/wp-json\/wp\/v2\/posts\/4027","targetHints":{"allow":["GET"]}}],"collection":[{"href":"https:\/\/jornaloalvorada.com.br\/site\/wp-json\/wp\/v2\/posts"}],"about":[{"href":"https:\/\/jornaloalvorada.com.br\/site\/wp-json\/wp\/v2\/types\/post"}],"author":[{"embeddable":true,"href":"https:\/\/jornaloalvorada.com.br\/site\/wp-json\/wp\/v2\/users\/1"}],"replies":[{"embeddable":true,"href":"https:\/\/jornaloalvorada.com.br\/site\/wp-json\/wp\/v2\/comments?post=4027"}],"version-history":[{"count":3,"href":"https:\/\/jornaloalvorada.com.br\/site\/wp-json\/wp\/v2\/posts\/4027\/revisions"}],"predecessor-version":[{"id":4033,"href":"https:\/\/jornaloalvorada.com.br\/site\/wp-json\/wp\/v2\/posts\/4027\/revisions\/4033"}],"wp:featuredmedia":[{"embeddable":true,"href":"https:\/\/jornaloalvorada.com.br\/site\/wp-json\/wp\/v2\/media\/4028"}],"wp:attachment":[{"href":"https:\/\/jornaloalvorada.com.br\/site\/wp-json\/wp\/v2\/media?parent=4027"}],"wp:term":[{"taxonomy":"category","embeddable":true,"href":"https:\/\/jornaloalvorada.com.br\/site\/wp-json\/wp\/v2\/categories?post=4027"},{"taxonomy":"post_tag","embeddable":true,"href":"https:\/\/jornaloalvorada.com.br\/site\/wp-json\/wp\/v2\/tags?post=4027"}],"curies":[{"name":"wp","href":"https:\/\/api.w.org\/{rel}","templated":true}]}}