{"id":4022,"date":"2023-12-08T16:48:05","date_gmt":"2023-12-08T20:48:05","guid":{"rendered":"https:\/\/jornaloalvorada.com.br\/site\/?p=4022"},"modified":"2023-12-08T16:48:08","modified_gmt":"2023-12-08T20:48:08","slug":"ex-presidente-desembarcou-em-buenos-aires-na-noite-de-quinta-feira-e-foi-recebido-com-honras-de-chefe-de-estado","status":"publish","type":"post","link":"https:\/\/jornaloalvorada.com.br\/site\/2023\/12\/08\/ex-presidente-desembarcou-em-buenos-aires-na-noite-de-quinta-feira-e-foi-recebido-com-honras-de-chefe-de-estado\/","title":{"rendered":"Ex-presidente desembarcou em Buenos Aires na noite de quinta-feira e foi recebido com honras de chefe de Estado"},"content":{"rendered":"\n<p><div class=\"container\" dir=\"ltr\" lang=\"pt_BR\"><div class=\"content\">         <div class=\"moz-reader-content reader-show-element\"><div id=\"readability-page-1\" class=\"page\"><div>                                                                                                                                                                <p>O ex-presidente Jair Bolsonaro foi recebido com pompa e circunst\u00e2ncia  na Argentina na noite desta quinta-feira (7). Ele desembarcou no  aeroporto de Buenos Aires por volta das 21h30 e foi cercado por um  efetivo da Pol\u00edcia Federal argentina. <\/p>                                                                                     <p>Bolsonaro foi recebido pelo assessor de campanha de Javier Milei, o  presidente eleito da Argentina. Giovanni Larosa afirmou que a presen\u00e7a  do ex-presidente nos eventos de posse de Milei foi um pedido do pr\u00f3prio  presidente eleito. <\/p>                                           <p>&#8220;Todo esse operativo que voc\u00ea est\u00e1 vendo aqui \u00e9 como se fosse mais um presidente&#8221;, afirmou Larosa. <\/p>                                                                                                         <p>Questionado se teria um tratamento de chefe de Estado, Bolsonaro respondeu: &#8220;Parece que sim, n\u00e9&#8221;. <\/p>                                           <p>Bolsonaro est\u00e1 na Argentina para participar da posse de Milei, que  ser\u00e1 realizada no dia 10 de dezembro. Ele tamb\u00e9m deve se reunir com  outros l\u00edderes pol\u00edticos argentinos. <\/p>                                           <h4>Detalhes ainda est\u00e3o sendo acertados<\/h4>                      <p>Os detalhes da participa\u00e7\u00e3o de Bolsonaro nos eventos de posse de  Milei ainda est\u00e3o sendo acertados com a chancelaria argentina. Segundo  Giovanni Larosa, o ex-presidente deve participar da cerim\u00f4nia de posse,  mas tamb\u00e9m pode se reunir com outros l\u00edderes pol\u00edticos argentinos, seu  assessor e advogado F\u00e1bio Wajngarten est\u00e1 na comitiva de Bolsonaro e  cuida das quest\u00f5es de sua estada no pa\u00eds. <\/p>                                           <p>&#8220;S\u00f3 falta confirmar quem vai estar com ele, sabemos que [a  ex-primeira-dama] Michelle Bolsonaro estar\u00e1&#8221;, afirmou Larosa \u00e0 Folha. <\/p>                                           <p>Bolsonaro \u00e9 o primeiro ex-presidente brasileiro a visitar a Argentina desde a elei\u00e7\u00e3o de Alberto Fern\u00e1ndez, em 2019. <\/p>                                   <\/div><\/div><\/div>       <\/div><\/div><\/p>\n","protected":false},"excerpt":{"rendered":"<p>O ex-presidente Jair Bolsonaro foi recebido com pompa e circunst\u00e2ncia na Argentina na noite desta quinta-feira (7). Ele desembarcou no<\/p>\n","protected":false},"author":1,"featured_media":4023,"comment_status":"open","ping_status":"open","sticky":false,"template":"","format":"standard","meta":{"footnotes":""},"categories":[2],"tags":[],"class_list":["post-4022","post","type-post","status-publish","format-standard","has-post-thumbnail","hentry","category-noticias"],"_links":{"self":[{"href":"https:\/\/jornaloalvorada.com.br\/site\/wp-json\/wp\/v2\/posts\/4022","targetHints":{"allow":["GET"]}}],"collection":[{"href":"https:\/\/jornaloalvorada.com.br\/site\/wp-json\/wp\/v2\/posts"}],"about":[{"href":"https:\/\/jornaloalvorada.com.br\/site\/wp-json\/wp\/v2\/types\/post"}],"author":[{"embeddable":true,"href":"https:\/\/jornaloalvorada.com.br\/site\/wp-json\/wp\/v2\/users\/1"}],"replies":[{"embeddable":true,"href":"https:\/\/jornaloalvorada.com.br\/site\/wp-json\/wp\/v2\/comments?post=4022"}],"version-history":[{"count":1,"href":"https:\/\/jornaloalvorada.com.br\/site\/wp-json\/wp\/v2\/posts\/4022\/revisions"}],"predecessor-version":[{"id":4024,"href":"https:\/\/jornaloalvorada.com.br\/site\/wp-json\/wp\/v2\/posts\/4022\/revisions\/4024"}],"wp:featuredmedia":[{"embeddable":true,"href":"https:\/\/jornaloalvorada.com.br\/site\/wp-json\/wp\/v2\/media\/4023"}],"wp:attachment":[{"href":"https:\/\/jornaloalvorada.com.br\/site\/wp-json\/wp\/v2\/media?parent=4022"}],"wp:term":[{"taxonomy":"category","embeddable":true,"href":"https:\/\/jornaloalvorada.com.br\/site\/wp-json\/wp\/v2\/categories?post=4022"},{"taxonomy":"post_tag","embeddable":true,"href":"https:\/\/jornaloalvorada.com.br\/site\/wp-json\/wp\/v2\/tags?post=4022"}],"curies":[{"name":"wp","href":"https:\/\/api.w.org\/{rel}","templated":true}]}}