{"id":4016,"date":"2023-12-08T16:41:56","date_gmt":"2023-12-08T20:41:56","guid":{"rendered":"https:\/\/jornaloalvorada.com.br\/site\/?p=4016"},"modified":"2023-12-08T16:41:59","modified_gmt":"2023-12-08T20:41:59","slug":"comentarista-da-globonews-diz-que-o-problema-das-pessoas-sem-dinheiro-e-que-pagaram-dividas-no-desenrola-ai-nao-deu-pra-picanha-e-cerveja","status":"publish","type":"post","link":"https:\/\/jornaloalvorada.com.br\/site\/2023\/12\/08\/comentarista-da-globonews-diz-que-o-problema-das-pessoas-sem-dinheiro-e-que-pagaram-dividas-no-desenrola-ai-nao-deu-pra-picanha-e-cerveja\/","title":{"rendered":"Comentarista da Globonews diz que o problema das pessoas sem dinheiro \u00e9 que pagaram d\u00edvidas no Desenrola: &#8220;a\u00ed n\u00e3o deu pra picanha e cerveja&#8221;"},"content":{"rendered":"\n<p><div class=\"page-content\"><section class=\"noticias interna\"><div class=\"container\"><div class=\"row\"><div class=\"col-lg-8\"><div class=\"post\"><div class=\"post\"><div class=\"content content-entry\"><p>Durante programa da GloboNews, uma jornalista falou que o problema  das baixas vendas de Natal decorre dos gastos dos cidad\u00e3os ao colocarem  as contas em dia com o Desenrola.<\/p><\/div><\/div><\/div><\/div><\/div><\/div><\/section><\/div> Veja:<\/p>\n\n\n\n<figure class=\"wp-block-embed is-type-rich is-provider-twitter wp-block-embed-twitter\"><div class=\"wp-block-embed__wrapper\">\n<blockquote class=\"twitter-tweet\" data-width=\"550\" data-dnt=\"true\"><p lang=\"pt\" dir=\"ltr\">Comentarista da Globonews diz que o problema das pessoas sem dinheiro \u00e9 que pagaram d\u00edvidas no Desenrola: &quot;a\u00ed n\u00e3o deu pra picanha e cerveja&quot; <a href=\"https:\/\/t.co\/y9WY4ixbU2\">pic.twitter.com\/y9WY4ixbU2<\/a><\/p>&mdash; Diario do Brasil Not\u00edcias (@diariobrasil_n) <a href=\"https:\/\/twitter.com\/diariobrasil_n\/status\/1733147007894573296?ref_src=twsrc%5Etfw\">December 8, 2023<\/a><\/blockquote><script async src=\"https:\/\/platform.twitter.com\/widgets.js\" charset=\"utf-8\"><\/script>\n<\/div><\/figure>\n","protected":false},"excerpt":{"rendered":"<p>Durante programa da GloboNews, uma jornalista falou que o problema das baixas vendas de Natal decorre dos gastos dos cidad\u00e3os<\/p>\n","protected":false},"author":1,"featured_media":4017,"comment_status":"open","ping_status":"open","sticky":false,"template":"","format":"standard","meta":{"footnotes":""},"categories":[3],"tags":[],"class_list":["post-4016","post","type-post","status-publish","format-standard","has-post-thumbnail","hentry","category-social"],"_links":{"self":[{"href":"https:\/\/jornaloalvorada.com.br\/site\/wp-json\/wp\/v2\/posts\/4016","targetHints":{"allow":["GET"]}}],"collection":[{"href":"https:\/\/jornaloalvorada.com.br\/site\/wp-json\/wp\/v2\/posts"}],"about":[{"href":"https:\/\/jornaloalvorada.com.br\/site\/wp-json\/wp\/v2\/types\/post"}],"author":[{"embeddable":true,"href":"https:\/\/jornaloalvorada.com.br\/site\/wp-json\/wp\/v2\/users\/1"}],"replies":[{"embeddable":true,"href":"https:\/\/jornaloalvorada.com.br\/site\/wp-json\/wp\/v2\/comments?post=4016"}],"version-history":[{"count":1,"href":"https:\/\/jornaloalvorada.com.br\/site\/wp-json\/wp\/v2\/posts\/4016\/revisions"}],"predecessor-version":[{"id":4018,"href":"https:\/\/jornaloalvorada.com.br\/site\/wp-json\/wp\/v2\/posts\/4016\/revisions\/4018"}],"wp:featuredmedia":[{"embeddable":true,"href":"https:\/\/jornaloalvorada.com.br\/site\/wp-json\/wp\/v2\/media\/4017"}],"wp:attachment":[{"href":"https:\/\/jornaloalvorada.com.br\/site\/wp-json\/wp\/v2\/media?parent=4016"}],"wp:term":[{"taxonomy":"category","embeddable":true,"href":"https:\/\/jornaloalvorada.com.br\/site\/wp-json\/wp\/v2\/categories?post=4016"},{"taxonomy":"post_tag","embeddable":true,"href":"https:\/\/jornaloalvorada.com.br\/site\/wp-json\/wp\/v2\/tags?post=4016"}],"curies":[{"name":"wp","href":"https:\/\/api.w.org\/{rel}","templated":true}]}}