{"id":4012,"date":"2023-12-08T16:39:21","date_gmt":"2023-12-08T20:39:21","guid":{"rendered":"https:\/\/jornaloalvorada.com.br\/site\/?p=4012"},"modified":"2023-12-08T16:39:24","modified_gmt":"2023-12-08T20:39:24","slug":"calote-governo-lula-nao-pagou-ainda-a-quem-aplicou-as-provas-do-enem","status":"publish","type":"post","link":"https:\/\/jornaloalvorada.com.br\/site\/2023\/12\/08\/calote-governo-lula-nao-pagou-ainda-a-quem-aplicou-as-provas-do-enem\/","title":{"rendered":"Calote: Governo Lula n\u00e3o pagou ainda a quem aplicou as provas do ENEM"},"content":{"rendered":"\n<p>Aplicadores do Exame Nacional do Ensino M\u00e9dio (Enem) 2023, em todo o Brasil, est\u00e3o reclamando de atraso no pagamento pelos servi\u00e7os prestados nos dias 5 e 12 de novembro. O alvo das cr\u00edticas \u00e9 o Centro Brasileiro de Pesquisa em Avalia\u00e7\u00e3o e Sele\u00e7\u00e3o e de Promo\u00e7\u00f5es de Eventos (Cebraspe), empresa respons\u00e1vel pela contrata\u00e7\u00e3o, que est\u00e1 sendo acusado de calote.<\/p>\n\n\n\n<p>Segundo o edital do Instituto Nacional de Estudos e Pesquisas Educacionais An\u00edsio Teixeira (Inep), o valor previsto para os pagamentos \u00e9 de at\u00e9 R$ 384, dependendo da fun\u00e7\u00e3o, o que n\u00e3o foi feito. Uma mulher, que n\u00e3o quis se identificar, aplicou a prova do Enem na Pontif\u00edcia Universidade Cat\u00f3lica de Minas Gerais (PUC) do Cora\u00e7\u00e3o Eucar\u00edstico, na Regi\u00e3o Noroeste de Belo Horizonte, e at\u00e9 a data de hoje, n\u00e3o recebeu o pagamento.<\/p>\n\n\n\n<p>&#8220;Uma coordenadora do Enem me disse que os pagamentos iriam come\u00e7ar no 15\u00ba dia \u00fatil, mas o meu e o da minha m\u00e3e, que trabalhou como fiscal de banheiro, ainda n\u00e3o foram pagos. Voc\u00ea tira dinheiro do seu pr\u00f3prio bolso, a passagem de ir at\u00e9 o local, a comida, j\u00e1 que voc\u00ea fica l\u00e1 desde 9h e eles s\u00f3 d\u00e3o um refrigerante, salgado e um bombom para ficar o dia inteiro. Estamos com esse preju\u00edzo at\u00e9 agora, eu n\u00e3o acho justo, \u00e9 um absurdo&#8221;, aponta.<\/p>\n\n\n\n<p>A mulher explica que, no ano passado, o pagamento foi realizado por outra empresa e ocorreu no dia certo e em esp\u00e9cie, j\u00e1 a atual contratante s\u00f3 est\u00e1 trazendo dor de cabe\u00e7a. &#8220;Eles nem mandam mensagem direta para gente, tem nossos n\u00fameros mas ficam mandando mensagem para a coordenadora. N\u00e3o respondem os e-mails, as redes sociais, as reclama\u00e7\u00f5es. Eles tem que resolver isso logo, ano que vai ter Enem de novo, eles v\u00e3o precisar da gente e conhe\u00e7o muitas pessoas que foram no ano passado e n\u00e3o quiseram ir neste ano&#8221;, afirma.<\/p>\n\n\n\n<p>L\u00edvia Dias Mariano aplicou a prova na Escola Estadual Pedro II, localizada na \u00c1rea Hospitalar da capital mineira, e ainda n\u00e3o recebeu. &#8220;Gra\u00e7as a Deus n\u00e3o estava contando com esse dinheiro, mas, para quem trabalhou, esperando receber o valor, tudo \u00e9 bem complicado e chato. Se for a mesma banca ano que vem, n\u00e3o pretendo aplicar novamente&#8221;, diz.<\/p>\n\n\n\n<p>Outras den\u00fancias foram relatadas pela internet. Algumas pessoas indignadas foram ao Reclame Aqui nesta quarta-feira (6\/12) para compartilhar as insatisfa\u00e7\u00f5es. \u201cFui uma das colaboradoras do ENEM de 2023, trabalhei nos dias 5 e 12 e n\u00e3o recebi at\u00e9 hoje. Cad\u00ea meu dinheiro Cebraspe?\u201d, ressalta uma usu\u00e1ria.<\/p>\n\n\n\n<p>Outro diz que, no documento, consta o pagamento em at\u00e9 30 dias ap\u00f3s a aplica\u00e7\u00e3o, o que n\u00e3o ocorreu. \u201cEles est\u00e3o enviando um e-mail informando que consta no documento 30 dias \u00fateis, o que \u00e9 improcedente, 30 dias \u00fateis \u00e9 somente em caso seus dados banc\u00e1rios n\u00e3o estejam corretos. O Cebraspe n\u00e3o responde nenhuma reclama\u00e7\u00e3o, n\u00e3o atende o telefone e nem da devolutiva dos e-mails\u201d, afirma.<\/p>\n\n\n\n<p>Um homem afirma que se soubesse desse prazo n\u00e3o teria trabalhado. \u201cA coordenadora da minha equipe reiteradamente afirmou que a Cebraspe pagaria os colaboradores em 15 dias \u00fateis ap\u00f3s o Enem. Por\u00e9m, no dia 6\/12, fomos informados que o prazo passou a ser de 30 dias \u00fateis. Eu n\u00e3o concordo com este prazo, e se tivesse me sido oferecido na ocasi\u00e3o do recrutamento, teria recusado o trabalho baseado nesta condi\u00e7\u00e3o\u201d, explana.<\/p>\n\n\n\n<p>Uma aplicadora diz que, no ano passado, n\u00e3o foi assim. \u201cTrabalhei no Enem 2023 nos dias 5 e 12 de novembro o dia inteiro (das 8:30 \u00e0s 20:00), em p\u00e9 e um calor infernal e a empresa at\u00e9 o momento n\u00e3o realizou o pagamento. Nos outros anos em que trabalhei o pagamento era realizado em m\u00e3os no segundo dia de prova\u201d, compartilha.<\/p>\n\n\n\n<p>\u201cTrabalhei no Enem 2023 no munic\u00edpio de Abaetetuba, no Par\u00e1, nos dias 05 e 11\/11 e at\u00e9 agora n\u00e3o recebi o pagamento das ajudas de custo no valor de R$ 240, muito descaso e nem sequer uma satisfa\u00e7\u00e3o \u00e9 dada para n\u00f3s. Aten\u00e7\u00e3o Minist\u00e9rio da Educa\u00e7\u00e3o, algu\u00e9m por favor que possa cobrar nossos direitos? Porque eles (Cebraspe) n\u00e3o atendem, n\u00e3o respondem e-mails\u201d, conta.<\/p>\n\n\n\n<h5 class=\"wp-block-heading\">MEC<\/h5>\n\n\n\n<p>O Minist\u00e9rio da Educa\u00e7\u00e3o foi procurado pela reportagem e enviou a seguinte nota.<\/p>\n\n\n\n<p>&#8220;A sele\u00e7\u00e3o e o pagamento da equipe de coordena\u00e7\u00e3o e aplica\u00e7\u00e3o do Exame Nacional do Ensino M\u00e9dio (Enem) fazem parte dos servi\u00e7os contratados administrativamente pelo Instituto Nacional de Estudos e Pesquisas Educacionais An\u00edsio Teixeira (Inep). Em 2023, a institui\u00e7\u00e3o vencedora da licita\u00e7\u00e3o para a aplica\u00e7\u00e3o do Enem foi o Cebraspe.<\/p>\n\n\n\n<p>Enquanto unidade gestora do contrato, o Inep entrou em contato com o Cebraspe no intuito de obter esclarecimentos sobre o servi\u00e7o, assim como a respeito da previs\u00e3o de pagamentos dos profissionais contratados. A institui\u00e7\u00e3o contratada informou que os pagamentos est\u00e3o sendo feitos ap\u00f3s o processamento dos registros de frequ\u00eancia realizados pelos coordenadores de local de prova. A previs\u00e3o inicial era de que os colaboradores seriam pagos em at\u00e9 30 dias ap\u00f3s a presta\u00e7\u00e3o do servi\u00e7o&#8221;.<\/p>\n\n\n\n<p>J\u00e1 a Cebraspe informa que todos aqueles que atuaram no Enem 2023 receber\u00e3o os pagamentos acordados em at\u00e9 30 dias \u00fateis, conforme padr\u00e3o de contrata\u00e7\u00e3o deste Centro.<\/p>\n\n\n\n<p>\u201cPor oportuno, informa-se que, mesmo n\u00e3o tendo transcorrido este prazo, aqueles que atuaram nos estados do Acre, Amap\u00e1, Esp\u00edrito Santo, Mato Grosso do Sul, Mato Grosso, Rond\u00f4nia, Roraima, Tocantins, Rio de Janeiro, S\u00e3o Paulo, Cear\u00e1 e Sergipe j\u00e1 receberam\u201d, diz.<\/p>\n\n\n\n<p><strong>Estado de Minas<\/strong><\/p>\n\n\n\n<p><em><strong>FONTE: terrabrasilnoticias.com<\/strong><\/em><\/p>\n","protected":false},"excerpt":{"rendered":"<p>Aplicadores do Exame Nacional do Ensino M\u00e9dio (Enem) 2023, em todo o Brasil, est\u00e3o reclamando de atraso no pagamento pelos<\/p>\n","protected":false},"author":1,"featured_media":4014,"comment_status":"open","ping_status":"open","sticky":false,"template":"","format":"standard","meta":{"footnotes":""},"categories":[2],"tags":[],"class_list":["post-4012","post","type-post","status-publish","format-standard","has-post-thumbnail","hentry","category-noticias"],"_links":{"self":[{"href":"https:\/\/jornaloalvorada.com.br\/site\/wp-json\/wp\/v2\/posts\/4012","targetHints":{"allow":["GET"]}}],"collection":[{"href":"https:\/\/jornaloalvorada.com.br\/site\/wp-json\/wp\/v2\/posts"}],"about":[{"href":"https:\/\/jornaloalvorada.com.br\/site\/wp-json\/wp\/v2\/types\/post"}],"author":[{"embeddable":true,"href":"https:\/\/jornaloalvorada.com.br\/site\/wp-json\/wp\/v2\/users\/1"}],"replies":[{"embeddable":true,"href":"https:\/\/jornaloalvorada.com.br\/site\/wp-json\/wp\/v2\/comments?post=4012"}],"version-history":[{"count":1,"href":"https:\/\/jornaloalvorada.com.br\/site\/wp-json\/wp\/v2\/posts\/4012\/revisions"}],"predecessor-version":[{"id":4015,"href":"https:\/\/jornaloalvorada.com.br\/site\/wp-json\/wp\/v2\/posts\/4012\/revisions\/4015"}],"wp:featuredmedia":[{"embeddable":true,"href":"https:\/\/jornaloalvorada.com.br\/site\/wp-json\/wp\/v2\/media\/4014"}],"wp:attachment":[{"href":"https:\/\/jornaloalvorada.com.br\/site\/wp-json\/wp\/v2\/media?parent=4012"}],"wp:term":[{"taxonomy":"category","embeddable":true,"href":"https:\/\/jornaloalvorada.com.br\/site\/wp-json\/wp\/v2\/categories?post=4012"},{"taxonomy":"post_tag","embeddable":true,"href":"https:\/\/jornaloalvorada.com.br\/site\/wp-json\/wp\/v2\/tags?post=4012"}],"curies":[{"name":"wp","href":"https:\/\/api.w.org\/{rel}","templated":true}]}}