{"id":4009,"date":"2023-12-08T07:00:00","date_gmt":"2023-12-08T11:00:00","guid":{"rendered":"https:\/\/jornaloalvorada.com.br\/site\/?p=4009"},"modified":"2023-12-08T10:44:06","modified_gmt":"2023-12-08T14:44:06","slug":"prefeitura-e-departamento-de-transito-comunicam-que-serao-implantados-novos-redutores-de-velocidades-quebra-molas","status":"publish","type":"post","link":"https:\/\/jornaloalvorada.com.br\/site\/2023\/12\/08\/prefeitura-e-departamento-de-transito-comunicam-que-serao-implantados-novos-redutores-de-velocidades-quebra-molas\/","title":{"rendered":"Prefeitura e Departamento de Tr\u00e2nsito comunicam que ser\u00e3o implantados novos redutores de velocidades (quebra-molas)"},"content":{"rendered":"\n<p>A Administra\u00e7\u00e3o Municipal atrav\u00e9s do Departamento Municipal de Tr\u00e2nsito \u201cDemutran\u201d comunica que nos pr\u00f3ximos dias, ser\u00e3o implantados redutores de velocidade (quebra-molas) nas ruas Ata\u00edde Barbosa de Souza (Jardim Guanabara) e Ancelmo Chamorro Valdez (Bairro Vacilio Dias).<\/p>\n","protected":false},"excerpt":{"rendered":"<p>A Administra\u00e7\u00e3o Municipal atrav\u00e9s do Departamento Municipal de Tr\u00e2nsito \u201cDemutran\u201d comunica que nos pr\u00f3ximos dias, ser\u00e3o implantados redutores de velocidade<\/p>\n","protected":false},"author":1,"featured_media":4010,"comment_status":"open","ping_status":"open","sticky":false,"template":"","format":"standard","meta":{"footnotes":""},"categories":[2],"tags":[],"class_list":["post-4009","post","type-post","status-publish","format-standard","has-post-thumbnail","hentry","category-noticias"],"_links":{"self":[{"href":"https:\/\/jornaloalvorada.com.br\/site\/wp-json\/wp\/v2\/posts\/4009","targetHints":{"allow":["GET"]}}],"collection":[{"href":"https:\/\/jornaloalvorada.com.br\/site\/wp-json\/wp\/v2\/posts"}],"about":[{"href":"https:\/\/jornaloalvorada.com.br\/site\/wp-json\/wp\/v2\/types\/post"}],"author":[{"embeddable":true,"href":"https:\/\/jornaloalvorada.com.br\/site\/wp-json\/wp\/v2\/users\/1"}],"replies":[{"embeddable":true,"href":"https:\/\/jornaloalvorada.com.br\/site\/wp-json\/wp\/v2\/comments?post=4009"}],"version-history":[{"count":1,"href":"https:\/\/jornaloalvorada.com.br\/site\/wp-json\/wp\/v2\/posts\/4009\/revisions"}],"predecessor-version":[{"id":4011,"href":"https:\/\/jornaloalvorada.com.br\/site\/wp-json\/wp\/v2\/posts\/4009\/revisions\/4011"}],"wp:featuredmedia":[{"embeddable":true,"href":"https:\/\/jornaloalvorada.com.br\/site\/wp-json\/wp\/v2\/media\/4010"}],"wp:attachment":[{"href":"https:\/\/jornaloalvorada.com.br\/site\/wp-json\/wp\/v2\/media?parent=4009"}],"wp:term":[{"taxonomy":"category","embeddable":true,"href":"https:\/\/jornaloalvorada.com.br\/site\/wp-json\/wp\/v2\/categories?post=4009"},{"taxonomy":"post_tag","embeddable":true,"href":"https:\/\/jornaloalvorada.com.br\/site\/wp-json\/wp\/v2\/tags?post=4009"}],"curies":[{"name":"wp","href":"https:\/\/api.w.org\/{rel}","templated":true}]}}