{"id":4007,"date":"2023-12-08T10:33:26","date_gmt":"2023-12-08T14:33:26","guid":{"rendered":"https:\/\/jornaloalvorada.com.br\/site\/?p=4007"},"modified":"2023-12-08T10:33:30","modified_gmt":"2023-12-08T14:33:30","slug":"o-grande-dia-da-inauguracao-do-3o-natal-de-luz-acontece-neste-sabado-9","status":"publish","type":"post","link":"https:\/\/jornaloalvorada.com.br\/site\/2023\/12\/08\/o-grande-dia-da-inauguracao-do-3o-natal-de-luz-acontece-neste-sabado-9\/","title":{"rendered":"O grande dia da inaugura\u00e7\u00e3o do 3\u00ba Natal de Luz acontece neste s\u00e1bado (9)"},"content":{"rendered":"\n<p><div id=\"mount_0_0_FO\"><div class=\"\"><div class=\"\"><div class=\"x9f619 x1n2onr6 x1ja2u2z\"><div class=\"x9f619 x1n2onr6 x1ja2u2z\"><div class=\"x78zum5 xdt5ytf x1n2onr6 x1ja2u2z\"><div class=\"x78zum5 xdt5ytf x1n2onr6 xat3117 xxzkxad\"><div class=\"x78zum5 xdt5ytf x1t2pt76 x1n2onr6 x1ja2u2z x10cihs4\"><div class=\"x1qjc9v5 x78zum5 xl56j7k x193iq5w x1t2pt76\"><div class=\"x6s0dn4 x78zum5 xdt5ytf x193iq5w x1t2pt76 xh8yej3\" role=\"main\"><div class=\"x1cy8zhl x78zum5 xl56j7k xh8yej3\"><div class=\"x1iymm2a x1gja9t x8vdgqj xw7yly9 x1htk8sl xvue9z xq1tmr x1ceravr\"><div class=\"x1yztbdb x1n2onr6 xh8yej3 x1ja2u2z\"><div class=\"x1n2onr6 x1ja2u2z\"><div class=\"\"><div class=\"\"><div aria-posinset=\"1\" aria-describedby=\":R1al9aqqd9emhpapd5aqH1: :R1al9aqqd9emhpapd5aqH2: :R1al9aqqd9emhpapd5aqH3: :R1al9aqqd9emhpapd5aqH5: :R1al9aqqd9emhpapd5aqH4:\" aria-labelledby=\":R1al9aqqd9emhpapd5aq:\" class=\"x1a2a7pz\" role=\"article\"><div class=\"x78zum5 xdt5ytf\"><div class=\"x9f619 x1n2onr6 x1ja2u2z\"><div class=\"x78zum5 x1n2onr6 xh8yej3\"><div class=\"x9f619 x1n2onr6 x1ja2u2z x2bj2ny x1qpq9i9 xdney7k xu5ydu1 xt3gfkd xh8yej3 x6ikm8r x10wlt62 xquyuld\"><div><div><div><div><div><div class=\"\" dir=\"auto\"><div class=\"x1iorvi4 x1pi30zi x1l90r2v x1swvt13\" data-ad-comet-preview=\"message\" data-ad-preview=\"message\" id=\":R1al9aqqd9emhpapd5aqH2:\"><div class=\"x78zum5 xdt5ytf xz62fqu x16ldp7u\"><div class=\"xu06os2 x1ok221b\"><span class=\"x193iq5w xeuugli x13faqbe x1vvkbs x1xmvt09 x1lliihq x1s928wv xhkezso x1gmr53x x1cpjm7i x1fgarty x1943h6x xudqn12 x3x7a5m x6prxxf xvq8zen xo1l8bm xzsf02u x1yc453h\" dir=\"auto\"><div class=\"xdj266r x11i5rnm xat24cr x1mh8g0r x1vvkbs x126k92a\"><div dir=\"auto\" style=\"text-align:start\">Est\u00e1 chegando o grande dia da Inaugura\u00e7\u00e3o do nosso 3\u00ba Natal de Luz, com a chegada do Papai Noel em Nova Alvorada do Sul.<\/div><\/div><div class=\"x11i5rnm xat24cr x1mh8g0r x1vvkbs xtlvy1s x126k92a\"><div dir=\"auto\" style=\"text-align:start\">Data: 09\/12\/2023 &#8211; S\u00e1bado <\/div><div dir=\"auto\" style=\"text-align:start\">Hor\u00e1rio: 18h<\/div><\/div><\/span><\/div><\/div><\/div><\/div><\/div><\/div><\/div><\/div><\/div><\/div><\/div><\/div><\/div><\/div><\/div><\/div><\/div><\/div><\/div><\/div><\/div><\/div><\/div><\/div><\/div><\/div><\/div><\/div><\/div><\/div><\/p>\n","protected":false},"excerpt":{"rendered":"<p>Est\u00e1 chegando o grande dia da Inaugura\u00e7\u00e3o do nosso 3\u00ba Natal de Luz, com a chegada do Papai Noel em<\/p>\n","protected":false},"author":1,"featured_media":3986,"comment_status":"open","ping_status":"open","sticky":false,"template":"","format":"standard","meta":{"footnotes":""},"categories":[2],"tags":[],"class_list":["post-4007","post","type-post","status-publish","format-standard","has-post-thumbnail","hentry","category-noticias"],"_links":{"self":[{"href":"https:\/\/jornaloalvorada.com.br\/site\/wp-json\/wp\/v2\/posts\/4007","targetHints":{"allow":["GET"]}}],"collection":[{"href":"https:\/\/jornaloalvorada.com.br\/site\/wp-json\/wp\/v2\/posts"}],"about":[{"href":"https:\/\/jornaloalvorada.com.br\/site\/wp-json\/wp\/v2\/types\/post"}],"author":[{"embeddable":true,"href":"https:\/\/jornaloalvorada.com.br\/site\/wp-json\/wp\/v2\/users\/1"}],"replies":[{"embeddable":true,"href":"https:\/\/jornaloalvorada.com.br\/site\/wp-json\/wp\/v2\/comments?post=4007"}],"version-history":[{"count":1,"href":"https:\/\/jornaloalvorada.com.br\/site\/wp-json\/wp\/v2\/posts\/4007\/revisions"}],"predecessor-version":[{"id":4008,"href":"https:\/\/jornaloalvorada.com.br\/site\/wp-json\/wp\/v2\/posts\/4007\/revisions\/4008"}],"wp:featuredmedia":[{"embeddable":true,"href":"https:\/\/jornaloalvorada.com.br\/site\/wp-json\/wp\/v2\/media\/3986"}],"wp:attachment":[{"href":"https:\/\/jornaloalvorada.com.br\/site\/wp-json\/wp\/v2\/media?parent=4007"}],"wp:term":[{"taxonomy":"category","embeddable":true,"href":"https:\/\/jornaloalvorada.com.br\/site\/wp-json\/wp\/v2\/categories?post=4007"},{"taxonomy":"post_tag","embeddable":true,"href":"https:\/\/jornaloalvorada.com.br\/site\/wp-json\/wp\/v2\/tags?post=4007"}],"curies":[{"name":"wp","href":"https:\/\/api.w.org\/{rel}","templated":true}]}}