{"id":4005,"date":"2023-12-08T08:02:07","date_gmt":"2023-12-08T12:02:07","guid":{"rendered":"https:\/\/jornaloalvorada.com.br\/site\/?p=4005"},"modified":"2023-12-08T08:02:11","modified_gmt":"2023-12-08T12:02:11","slug":"sexta-feira-chuvosa-e-resultado-de-frente-fria-e-acumulados-podem-ultrapassar-os-50-mm-em-ms","status":"publish","type":"post","link":"https:\/\/jornaloalvorada.com.br\/site\/2023\/12\/08\/sexta-feira-chuvosa-e-resultado-de-frente-fria-e-acumulados-podem-ultrapassar-os-50-mm-em-ms\/","title":{"rendered":"Sexta-feira chuvosa \u00e9 resultado de frente fria e acumulados podem ultrapassar os 50 mm em MS"},"content":{"rendered":"\n<p>Para dar in\u00edcio ao final de semana, a previs\u00e3o desta sexta-feira (8) indica tempo inst\u00e1vel, com probabilidade de chuvas e, pontualmente, tempestades acompanhadas de raios e rajadas de vento. Esperam-se acumulados de chuvas acima de 50 mm\/24h, com destaque para as regi\u00f5es Central, Sul e Leste do Mato Grosso do Sul.<\/p>\n\n\n\n<p>De acordo com o Cemtec (Centro de Monitoramento do Tempo e do Clima), as instabilidades atmosf\u00e9ricas ocorrem devido ao avan\u00e7o de uma frente fria oce\u00e2nica. Al\u00e9m disso, o deslocamento de cavados e a atua\u00e7\u00e3o de uma \u00e1rea de baixa press\u00e3o atmosf\u00e9rica sobre o Paraguai favorecem a forma\u00e7\u00e3o de nuvens e chuvas no estado.<\/p>\n\n\n\n<p>Em Campo Grande, a m\u00ednima prevista \u00e9 de 23\u00b0C e m\u00e1xima de 34\u00b0C. Em Dourados, os term\u00f4metros marcam 23\u00b0C pela manh\u00e3 e 32\u00b0C pela tarde. Na regi\u00e3o Sul, Ponta Por\u00e3 e Iguatemi registram m\u00ednimas de 22\u00b0C e podem chegar aos 30\u00b0C ao longo do dia.<\/p>\n\n\n\n<p>Porto Murtinho, na regi\u00e3o Sudoeste, amanhece aos 25\u00b0C e atinge m\u00e1xima de 33\u00b0C. No Pantanal, Corumb\u00e1 tem m\u00ednima de 26\u00b0C e m\u00e1xima de 33\u00b0C, j\u00e1 Aquidauana apresenta varia\u00e7\u00e3o entre 24\u00b0C e 35\u00b0C.<\/p>\n\n\n\n<p>Nesta sexta-feira, a temperatura mais alta do dia ser\u00e1 registrada em duas diferentes regi\u00f5es. No Norte e no Bols\u00e3o, Coxim e Parana\u00edba apresentam valores semelhantes, com m\u00ednimas de 24\u00b0C e m\u00e1ximas de 36\u00b0C.<\/p>\n\n\n\n<p><em>Heloisa Duim, Programa de Est\u00e1gio Supervisionado<\/em> <em>Foto: \u00c1lvaro Rezende<\/em><\/p>\n","protected":false},"excerpt":{"rendered":"<p>Para dar in\u00edcio ao final de semana, a previs\u00e3o desta sexta-feira (8) indica tempo inst\u00e1vel, com probabilidade de chuvas e,<\/p>\n","protected":false},"author":1,"featured_media":2544,"comment_status":"open","ping_status":"open","sticky":false,"template":"","format":"standard","meta":{"footnotes":""},"categories":[2],"tags":[],"class_list":["post-4005","post","type-post","status-publish","format-standard","has-post-thumbnail","hentry","category-noticias"],"_links":{"self":[{"href":"https:\/\/jornaloalvorada.com.br\/site\/wp-json\/wp\/v2\/posts\/4005","targetHints":{"allow":["GET"]}}],"collection":[{"href":"https:\/\/jornaloalvorada.com.br\/site\/wp-json\/wp\/v2\/posts"}],"about":[{"href":"https:\/\/jornaloalvorada.com.br\/site\/wp-json\/wp\/v2\/types\/post"}],"author":[{"embeddable":true,"href":"https:\/\/jornaloalvorada.com.br\/site\/wp-json\/wp\/v2\/users\/1"}],"replies":[{"embeddable":true,"href":"https:\/\/jornaloalvorada.com.br\/site\/wp-json\/wp\/v2\/comments?post=4005"}],"version-history":[{"count":1,"href":"https:\/\/jornaloalvorada.com.br\/site\/wp-json\/wp\/v2\/posts\/4005\/revisions"}],"predecessor-version":[{"id":4006,"href":"https:\/\/jornaloalvorada.com.br\/site\/wp-json\/wp\/v2\/posts\/4005\/revisions\/4006"}],"wp:featuredmedia":[{"embeddable":true,"href":"https:\/\/jornaloalvorada.com.br\/site\/wp-json\/wp\/v2\/media\/2544"}],"wp:attachment":[{"href":"https:\/\/jornaloalvorada.com.br\/site\/wp-json\/wp\/v2\/media?parent=4005"}],"wp:term":[{"taxonomy":"category","embeddable":true,"href":"https:\/\/jornaloalvorada.com.br\/site\/wp-json\/wp\/v2\/categories?post=4005"},{"taxonomy":"post_tag","embeddable":true,"href":"https:\/\/jornaloalvorada.com.br\/site\/wp-json\/wp\/v2\/tags?post=4005"}],"curies":[{"name":"wp","href":"https:\/\/api.w.org\/{rel}","templated":true}]}}