{"id":4000,"date":"2023-12-07T07:16:00","date_gmt":"2023-12-07T11:16:00","guid":{"rendered":"https:\/\/jornaloalvorada.com.br\/site\/?p=4000"},"modified":"2023-12-07T14:26:52","modified_gmt":"2023-12-07T18:26:52","slug":"sabado-acontece-inauguracao-da-3o-natal-de-luz-de-nova-alvorada-do-sul","status":"publish","type":"post","link":"https:\/\/jornaloalvorada.com.br\/site\/2023\/12\/07\/sabado-acontece-inauguracao-da-3o-natal-de-luz-de-nova-alvorada-do-sul\/","title":{"rendered":"S\u00e1bado acontece inaugura\u00e7\u00e3o da 3\u00ba Natal de Luz de Nova Alvorada do Sul"},"content":{"rendered":"\n<p><div id=\"mount_0_0_e1\"><div class=\"\"><div class=\"\"><div class=\"x9f619 x1n2onr6 x1ja2u2z\"><div class=\"x9f619 x1n2onr6 x1ja2u2z\"><div class=\"x78zum5 xdt5ytf x1n2onr6 x1ja2u2z\"><div class=\"x78zum5 xdt5ytf x1n2onr6 xat3117 xxzkxad\"><div class=\"x78zum5 xdt5ytf x1t2pt76 x1n2onr6 x1ja2u2z x10cihs4\"><div class=\"x1qjc9v5 x78zum5 xl56j7k x193iq5w x1t2pt76\"><div class=\"x6s0dn4 x78zum5 xdt5ytf x193iq5w x1t2pt76 xh8yej3\" role=\"main\"><div class=\"xh8yej3 xdj266r\" id=\"watch_feed\"><div><div class=\"x78zum5 xdt5ytf x1huibft x1n6yrxt\"><div class=\"x1jx94hy x78zum5 x5yr21d\"><div class=\"x78zum5 xkrivgy x1gryazu x4pn7vq\"><div class=\"x1jx94hy x78zum5 xdt5ytf x2lah0s xw2csxc x1odjw0f xmd6oqt x13o0s5z\"><div class=\"x1swvt13 x1pi30zi xyamay9\"><div><div class=\"xjkvuk6\"><span class=\"x193iq5w xeuugli x13faqbe x1vvkbs x1xmvt09 x1lliihq x1s928wv xhkezso x1gmr53x x1cpjm7i x1fgarty x1943h6x xudqn12 x3x7a5m x6prxxf xvq8zen xo1l8bm xzsf02u\" dir=\"auto\"><div class=\"xdj266r x11i5rnm xat24cr x1mh8g0r x1vvkbs\"><div dir=\"auto\" style=\"text-align: start;\">Est\u00e1 chegando o grande dia da Inaugura\u00e7\u00e3o do nosso 3\u00ba Natal de Luz, com a chegada do Papai Noel em Nova Alvorada do Sul.<\/div><\/div><div class=\"x11i5rnm xat24cr x1mh8g0r x1vvkbs xtlvy1s\"><div dir=\"auto\" style=\"text-align: start;\">Data: 09\/12\/2023 &#8211; S\u00e1bado <\/div><div dir=\"auto\" style=\"text-align: start;\">Hor\u00e1rio: 18h<\/div><\/div><\/span><\/div><\/div><\/div><\/div><\/div><\/div><\/div><\/div><\/div><\/div><\/div><\/div><\/div><\/div><\/div><\/div><\/div><\/div><\/div><\/p>\n\n\n\n<iframe loading=\"lazy\" src=\"https:\/\/www.facebook.com\/plugins\/video.php?height=314&#038;href=https%3A%2F%2Fwww.facebook.com%2Fjppaleari%2Fvideos%2F683018253809494%2F&#038;show_text=false&#038;width=560&#038;t=0\" width=\"560\" height=\"314\" style=\"border:none;overflow:hidden\" scrolling=\"no\" frameborder=\"0\" allowfullscreen=\"true\" allow=\"autoplay; clipboard-write; encrypted-media; picture-in-picture; web-share\" allowFullScreen=\"true\"><\/iframe>\n","protected":false},"excerpt":{"rendered":"<p>Est\u00e1 chegando o grande dia da Inaugura\u00e7\u00e3o do nosso 3\u00ba Natal de Luz, com a chegada do Papai Noel em<\/p>\n","protected":false},"author":1,"featured_media":4002,"comment_status":"open","ping_status":"open","sticky":false,"template":"","format":"standard","meta":{"footnotes":""},"categories":[2],"tags":[],"class_list":["post-4000","post","type-post","status-publish","format-standard","has-post-thumbnail","hentry","category-noticias"],"_links":{"self":[{"href":"https:\/\/jornaloalvorada.com.br\/site\/wp-json\/wp\/v2\/posts\/4000","targetHints":{"allow":["GET"]}}],"collection":[{"href":"https:\/\/jornaloalvorada.com.br\/site\/wp-json\/wp\/v2\/posts"}],"about":[{"href":"https:\/\/jornaloalvorada.com.br\/site\/wp-json\/wp\/v2\/types\/post"}],"author":[{"embeddable":true,"href":"https:\/\/jornaloalvorada.com.br\/site\/wp-json\/wp\/v2\/users\/1"}],"replies":[{"embeddable":true,"href":"https:\/\/jornaloalvorada.com.br\/site\/wp-json\/wp\/v2\/comments?post=4000"}],"version-history":[{"count":1,"href":"https:\/\/jornaloalvorada.com.br\/site\/wp-json\/wp\/v2\/posts\/4000\/revisions"}],"predecessor-version":[{"id":4003,"href":"https:\/\/jornaloalvorada.com.br\/site\/wp-json\/wp\/v2\/posts\/4000\/revisions\/4003"}],"wp:featuredmedia":[{"embeddable":true,"href":"https:\/\/jornaloalvorada.com.br\/site\/wp-json\/wp\/v2\/media\/4002"}],"wp:attachment":[{"href":"https:\/\/jornaloalvorada.com.br\/site\/wp-json\/wp\/v2\/media?parent=4000"}],"wp:term":[{"taxonomy":"category","embeddable":true,"href":"https:\/\/jornaloalvorada.com.br\/site\/wp-json\/wp\/v2\/categories?post=4000"},{"taxonomy":"post_tag","embeddable":true,"href":"https:\/\/jornaloalvorada.com.br\/site\/wp-json\/wp\/v2\/tags?post=4000"}],"curies":[{"name":"wp","href":"https:\/\/api.w.org\/{rel}","templated":true}]}}