{"id":3991,"date":"2023-12-07T14:08:02","date_gmt":"2023-12-07T18:08:02","guid":{"rendered":"https:\/\/jornaloalvorada.com.br\/site\/?p=3991"},"modified":"2023-12-07T14:08:05","modified_gmt":"2023-12-07T18:08:05","slug":"riedel-desmembra-supersecretaria-cria-12a-secretaria-e-reduz-poderes-de-marcelo-miranda","status":"publish","type":"post","link":"https:\/\/jornaloalvorada.com.br\/site\/2023\/12\/07\/riedel-desmembra-supersecretaria-cria-12a-secretaria-e-reduz-poderes-de-marcelo-miranda\/","title":{"rendered":"Riedel desmembra supersecretaria, cria 12\u00aa secretaria e reduz poderes de Marcelo Miranda"},"content":{"rendered":"\n<p>O governador Eduardo Riedel (PSDB) decidiu desmembrar a supersecretaria de Cultura, Turismo, Esporte, Cultura e Cidadania e reduziu os poderes de Marcelo Miranda. Conforme projeto encaminhado \u00e0 Assembleia Legislativa, o Governo vai criar a 12\u00aa secretaria, a Secretaria Estadual da Cidadania, que vai ficar com as oito subsecretarias.<\/p>\n\n\n\n<p>A proposta venha sendo ventilada desde o final do primeiro semestre ap\u00f3s diverg\u00eancias entre Miranda e o ent\u00e3o presidente da Funda\u00e7\u00e3o de Cultura, Max Ant\u00f4nio Freitas da Cruz. A disputa entre ambos levou \u00e0 demiss\u00e3o do produtor cultural.<\/p>\n\n\n\n<p>Desde ent\u00e3o, o governador vinha discutindo a proposta de desmembrar a SETESCC em duas pastas. A nomea\u00e7\u00e3o de Eduardo Mendes Pinto para comandar a Funda\u00e7\u00e3o de Cultura, no in\u00edcio de setembro, chegou a dar a ideia que o tucano tinha desistido da proposta de desidratar a supersecretaria.<\/p>\n\n\n\n<p>No final do m\u00eas passado, o governador acabou batendo o martelo e enviou projeto de lei criando a Secretaria Estadual da Cidadania, que vai herdar as subsecretarias das Mulheres, dos Povos Origin\u00e1rios, da Pessoa com Defici\u00eancia, do LGBTQIA+, da Juventude, da Igualdade Racial, do Idoso e de Assuntos Comunit\u00e1rios.<\/p>\n\n\n\n<p>A Secretaria de Turismo, Esporte e Cultura vai continuar no comando das tr\u00eas funda\u00e7\u00f5es, de Turismo, de Cultura e da Fundesportes. A atual adjunta da pasta, Viviane Luiza, \u00e9 a mais cotada para assumir a Secretaria da Cidadania.<\/p>\n\n\n\n<p>Com o desmembramento, o Governo passar\u00e1 a contar com 12 secretarias, sem contabilizar a Procuradoria-Geral do Estado e a Controladoria-Geral do Estado, que possuem status no primeiro escal\u00e3o.<\/p>\n\n\n\n<p><strong><em>Fonte: O Jacar\u00e9<\/em><\/strong><\/p>\n","protected":false},"excerpt":{"rendered":"<p>O governador Eduardo Riedel (PSDB) decidiu desmembrar a supersecretaria de Cultura, Turismo, Esporte, Cultura e Cidadania e reduziu os poderes<\/p>\n","protected":false},"author":1,"featured_media":3992,"comment_status":"open","ping_status":"open","sticky":false,"template":"","format":"standard","meta":{"footnotes":""},"categories":[2],"tags":[],"class_list":["post-3991","post","type-post","status-publish","format-standard","has-post-thumbnail","hentry","category-noticias"],"_links":{"self":[{"href":"https:\/\/jornaloalvorada.com.br\/site\/wp-json\/wp\/v2\/posts\/3991","targetHints":{"allow":["GET"]}}],"collection":[{"href":"https:\/\/jornaloalvorada.com.br\/site\/wp-json\/wp\/v2\/posts"}],"about":[{"href":"https:\/\/jornaloalvorada.com.br\/site\/wp-json\/wp\/v2\/types\/post"}],"author":[{"embeddable":true,"href":"https:\/\/jornaloalvorada.com.br\/site\/wp-json\/wp\/v2\/users\/1"}],"replies":[{"embeddable":true,"href":"https:\/\/jornaloalvorada.com.br\/site\/wp-json\/wp\/v2\/comments?post=3991"}],"version-history":[{"count":1,"href":"https:\/\/jornaloalvorada.com.br\/site\/wp-json\/wp\/v2\/posts\/3991\/revisions"}],"predecessor-version":[{"id":3993,"href":"https:\/\/jornaloalvorada.com.br\/site\/wp-json\/wp\/v2\/posts\/3991\/revisions\/3993"}],"wp:featuredmedia":[{"embeddable":true,"href":"https:\/\/jornaloalvorada.com.br\/site\/wp-json\/wp\/v2\/media\/3992"}],"wp:attachment":[{"href":"https:\/\/jornaloalvorada.com.br\/site\/wp-json\/wp\/v2\/media?parent=3991"}],"wp:term":[{"taxonomy":"category","embeddable":true,"href":"https:\/\/jornaloalvorada.com.br\/site\/wp-json\/wp\/v2\/categories?post=3991"},{"taxonomy":"post_tag","embeddable":true,"href":"https:\/\/jornaloalvorada.com.br\/site\/wp-json\/wp\/v2\/tags?post=3991"}],"curies":[{"name":"wp","href":"https:\/\/api.w.org\/{rel}","templated":true}]}}