{"id":3985,"date":"2023-12-07T13:58:29","date_gmt":"2023-12-07T17:58:29","guid":{"rendered":"https:\/\/jornaloalvorada.com.br\/site\/?p=3985"},"modified":"2023-12-07T13:58:31","modified_gmt":"2023-12-07T17:58:31","slug":"nova-alvorada-do-sul-recebe-oficialmente-a-terceira-edicao-natal-de-luz-com-a-chegada-do-papai-noel","status":"publish","type":"post","link":"https:\/\/jornaloalvorada.com.br\/site\/2023\/12\/07\/nova-alvorada-do-sul-recebe-oficialmente-a-terceira-edicao-natal-de-luz-com-a-chegada-do-papai-noel\/","title":{"rendered":"Nova Alvorada do Sul recebe oficialmente a terceira edi\u00e7\u00e3o Natal de Luz com a chegada do Papai Noel"},"content":{"rendered":"\n<p>A t\u00e3o esperada chegada do Papai Noel marca a abertura oficial da terceira edi\u00e7\u00e3o do Natal de Luz em Nova Alvorada do Sul. O evento acontecer\u00e1 no Parque Nelson Terer\u00e9, no s\u00e1bado (9), a partir das 18 horas com show dos pratas da casa.<\/p>\n\n\n\n<p>A programa\u00e7\u00e3o contar\u00e1 com a apresenta\u00e7\u00e3o da Banda Municipal e de v\u00e1rios projetos culturais do munic\u00edpio. O prefeito Jos\u00e9 Paulo Paleari recepcionar\u00e1 a chegada do Papai Noel, que est\u00e1 prevista para \u00e0s 19 horas.<\/p>\n\n\n\n<p>\u201cEstamos animados para mais uma edi\u00e7\u00e3o do Natal de Luz. Uma programa\u00e7\u00e3o muito especial aguarda a todos. A nova ilumina\u00e7\u00e3o natalina est\u00e1 linda, e estamos trabalhando para deixar o Parque Nelson Terer\u00e9 ainda mais bonito para receber a popula\u00e7\u00e3o\u201d, explicou o prefeito.<\/p>\n\n\n\n<p>As visitas ao Papai Noel ocorrer\u00e3o entre os dias 9 a 22 de dezembro, sempre das 18h \u00e0s 22h. Ser\u00e3o dois finais de semana com a presen\u00e7a do bom velhinho no munic\u00edpio, para que a popula\u00e7\u00e3o leve as crian\u00e7as para prestigiar a Casa do Papai Noel e a magia que envolve o evento.<\/p>\n\n\n\n<p>A ilumina\u00e7\u00e3o natalina em Nova Alvorada do Sul permanecer\u00e1 at\u00e9 janeiro, iluminando a cidade e trazendo alegria para todos.<\/p>\n\n\n\n<p><strong><em>Fonte: Ag\u00eancia Brasil<\/em><\/strong><\/p>\n","protected":false},"excerpt":{"rendered":"<p>A t\u00e3o esperada chegada do Papai Noel marca a abertura oficial da terceira edi\u00e7\u00e3o do Natal de Luz em Nova<\/p>\n","protected":false},"author":1,"featured_media":3986,"comment_status":"open","ping_status":"open","sticky":false,"template":"","format":"standard","meta":{"footnotes":""},"categories":[2],"tags":[],"class_list":["post-3985","post","type-post","status-publish","format-standard","has-post-thumbnail","hentry","category-noticias"],"_links":{"self":[{"href":"https:\/\/jornaloalvorada.com.br\/site\/wp-json\/wp\/v2\/posts\/3985","targetHints":{"allow":["GET"]}}],"collection":[{"href":"https:\/\/jornaloalvorada.com.br\/site\/wp-json\/wp\/v2\/posts"}],"about":[{"href":"https:\/\/jornaloalvorada.com.br\/site\/wp-json\/wp\/v2\/types\/post"}],"author":[{"embeddable":true,"href":"https:\/\/jornaloalvorada.com.br\/site\/wp-json\/wp\/v2\/users\/1"}],"replies":[{"embeddable":true,"href":"https:\/\/jornaloalvorada.com.br\/site\/wp-json\/wp\/v2\/comments?post=3985"}],"version-history":[{"count":1,"href":"https:\/\/jornaloalvorada.com.br\/site\/wp-json\/wp\/v2\/posts\/3985\/revisions"}],"predecessor-version":[{"id":3987,"href":"https:\/\/jornaloalvorada.com.br\/site\/wp-json\/wp\/v2\/posts\/3985\/revisions\/3987"}],"wp:featuredmedia":[{"embeddable":true,"href":"https:\/\/jornaloalvorada.com.br\/site\/wp-json\/wp\/v2\/media\/3986"}],"wp:attachment":[{"href":"https:\/\/jornaloalvorada.com.br\/site\/wp-json\/wp\/v2\/media?parent=3985"}],"wp:term":[{"taxonomy":"category","embeddable":true,"href":"https:\/\/jornaloalvorada.com.br\/site\/wp-json\/wp\/v2\/categories?post=3985"},{"taxonomy":"post_tag","embeddable":true,"href":"https:\/\/jornaloalvorada.com.br\/site\/wp-json\/wp\/v2\/tags?post=3985"}],"curies":[{"name":"wp","href":"https:\/\/api.w.org\/{rel}","templated":true}]}}