{"id":3977,"date":"2023-12-07T09:13:40","date_gmt":"2023-12-07T13:13:40","guid":{"rendered":"https:\/\/jornaloalvorada.com.br\/site\/?p=3977"},"modified":"2023-12-07T09:13:43","modified_gmt":"2023-12-07T13:13:43","slug":"desigualdade-teve-menor-nivel-em-10-anos-com-bolsonaro","status":"publish","type":"post","link":"https:\/\/jornaloalvorada.com.br\/site\/2023\/12\/07\/desigualdade-teve-menor-nivel-em-10-anos-com-bolsonaro\/","title":{"rendered":"Desigualdade teve menor n\u00edvel em 10 anos com Bolsonaro"},"content":{"rendered":"\n<p>A SIS (S\u00edntese de Indicadores Sociais), divulgada na 4\u00aa feira (7\/12) pelo IBGE (Instituto Brasileiro de Geografia e Estat\u00edstica), mostrou que a desigualdade de renda fechou 2022 no menor n\u00edvel em 10 anos.<\/p>\n\n\n\n<p>O \u00cdndice de Gini, que mede a distribui\u00e7\u00e3o de renda numa escala de 0 (nada desigual) a 1 (extremamente desigual), foi de 0,518 no ano passado, o \u00faltimo do ex-presidente Jair Bolsonaro (PL) \u00e0 frente do Executivo. Em compara\u00e7\u00e3o com 2021, a redu\u00e7\u00e3o foi de 4,8%. Foi o menor n\u00edvel desde o come\u00e7o da s\u00e9rie hist\u00f3rica da pesquisa, em 2012. A maior desigualdade foi em 2018 (0,545).<\/p>\n\n\n\n<p>O IBGE estimou como ficaria o \u00edndice, em cada ano, caso n\u00e3o existissem programas sociais governamentais, como o Bolsa Fam\u00edlia e o BPC (Benef\u00edcio de Presta\u00e7\u00e3o Continuada). Nesse caso, a desigualdade tamb\u00e9m teria ca\u00eddo em 2022 (0,548) em rela\u00e7\u00e3o aos anos anteriores, mas o ponto mais baixo teria sido em 2015 (0,540), e o mais alto, em 2020 (0,573).<\/p>\n\n\n\n<figure class=\"wp-block-image size-large\"><img loading=\"lazy\" decoding=\"async\" width=\"791\" height=\"1024\" src=\"https:\/\/jornaloalvorada.com.br\/site\/wp-content\/uploads\/2023\/12\/image-3-791x1024.png\" alt=\"\" class=\"wp-image-3978\" srcset=\"https:\/\/jornaloalvorada.com.br\/site\/wp-content\/uploads\/2023\/12\/image-3-791x1024.png 791w, https:\/\/jornaloalvorada.com.br\/site\/wp-content\/uploads\/2023\/12\/image-3-232x300.png 232w, https:\/\/jornaloalvorada.com.br\/site\/wp-content\/uploads\/2023\/12\/image-3-768x995.png 768w, https:\/\/jornaloalvorada.com.br\/site\/wp-content\/uploads\/2023\/12\/image-3-1186x1536.png 1186w, https:\/\/jornaloalvorada.com.br\/site\/wp-content\/uploads\/2023\/12\/image-3.png 1581w\" sizes=\"auto, (max-width: 791px) 100vw, 791px\" \/><\/figure>\n\n\n\n<p>\u201cOs benef\u00edcios dos programas sociais contribu\u00edram para a redu\u00e7\u00e3o da desigualdade em 2022, mas n\u00e3o agiram sozinhos, pois o mercado de trabalho tamb\u00e9m contribuiu nesse cen\u00e1rio\u201d, diz o instituto no relat\u00f3rio. A exist\u00eancia dos benef\u00edcios fez o \u00edndice do ano passado ser 5,5% menor do que seria sem os programas.<\/p>\n\n\n\n<p>A partir de 2020, por causa da pandemia da covid, houve um aumento no pagamento de benef\u00edcios, com a implementa\u00e7\u00e3o do Aux\u00edlio Emergencial. Isso fez o \u00edndice geral cair de 0,544 em 2019 para 0,524 em 2020, o menor n\u00edvel at\u00e9 o momento (o mesmo de 2015).<\/p>\n\n\n\n<p>Em 2021, houve novo aumento, para o mesmo n\u00edvel de 2019. O IBGE atribui isso \u00e0 redu\u00e7\u00e3o dos aux\u00edlios, combinada ao enfraquecimento do mercado de trabalho. Contudo, no final daquele ano foi criado o Aux\u00edlio Brasil, inicialmente de R$ 217, que foi reajustado para R$ 400 em abril de 2022 e para R$ 600 em junho.<\/p>\n\n\n\n<p>Sem o Aux\u00edlio Emergencial, o \u00edndice teria disparado em 2020. Sem o Aux\u00edlio Brasil, a redu\u00e7\u00e3o em 2022 teria sido um pouco mais lenta.<\/p>\n\n\n\n<p>Em todos os anos da s\u00e9rie hist\u00f3rica, o n\u00edvel de desigualdade sem os benef\u00edcios sociais do governo seria cerca de 0,020 maior.<\/p>\n\n\n\n<h5 class=\"wp-block-heading\">NORDESTE \u00c9 A REGI\u00c3O MAIS DESIGUAL; SUL A MENOS<\/h5>\n\n\n\n<p>Quando consideradas as regi\u00f5es brasileiras, o Nordeste det\u00e9m o \u00edndice de Gini mais elevado, de 0,517.<\/p>\n\n\n\n<p>Em seguida est\u00e3o as regi\u00f5es Norte (0,509), Sudeste (0,505) e Centro-Oeste (0,593). A regi\u00e3o Sul \u00e9 a menos desigual do pa\u00eds, com \u00edndice de 0,458.<\/p>\n\n\n\n<p>O Nordeste teve e maior redu\u00e7\u00e3o em rela\u00e7\u00e3o a 2021 (0,556), com uma queda de 7%, seguido pelo Sudeste (0,533 em 2021, queda de 5,3%). As demais regi\u00f5es tamb\u00e9m tiveram diminui\u00e7\u00e3o na desigualdade, mas em menor intensidade.<\/p>\n\n\n\n<p>Segundo a estimativa, os benef\u00edcios sociais fizeram o \u00edndice ser 11,6% menor no Nordeste (0,585 sem os programas) e 8,9% menor no Norte (0,559 sem), onde est\u00e1 a maior propor\u00e7\u00e3o de benefici\u00e1rios de aux\u00edlios do governo. Nas demais regi\u00f5es, o impacto dos programas \u00e9 menor: 3,7% no Centro-Oeste, 3,1% no Sudeste e 2,6% no Sul.<\/p>\n\n\n\n<p><strong>Poder 360<\/strong><\/p>\n\n\n\n<p>FONTE: terrabrasilnoticias.com<\/p>\n","protected":false},"excerpt":{"rendered":"<p>A SIS (S\u00edntese de Indicadores Sociais), divulgada na 4\u00aa feira (7\/12) pelo IBGE (Instituto Brasileiro de Geografia e Estat\u00edstica), mostrou<\/p>\n","protected":false},"author":1,"featured_media":3979,"comment_status":"open","ping_status":"open","sticky":false,"template":"","format":"standard","meta":{"footnotes":""},"categories":[2],"tags":[],"class_list":["post-3977","post","type-post","status-publish","format-standard","has-post-thumbnail","hentry","category-noticias"],"_links":{"self":[{"href":"https:\/\/jornaloalvorada.com.br\/site\/wp-json\/wp\/v2\/posts\/3977","targetHints":{"allow":["GET"]}}],"collection":[{"href":"https:\/\/jornaloalvorada.com.br\/site\/wp-json\/wp\/v2\/posts"}],"about":[{"href":"https:\/\/jornaloalvorada.com.br\/site\/wp-json\/wp\/v2\/types\/post"}],"author":[{"embeddable":true,"href":"https:\/\/jornaloalvorada.com.br\/site\/wp-json\/wp\/v2\/users\/1"}],"replies":[{"embeddable":true,"href":"https:\/\/jornaloalvorada.com.br\/site\/wp-json\/wp\/v2\/comments?post=3977"}],"version-history":[{"count":1,"href":"https:\/\/jornaloalvorada.com.br\/site\/wp-json\/wp\/v2\/posts\/3977\/revisions"}],"predecessor-version":[{"id":3980,"href":"https:\/\/jornaloalvorada.com.br\/site\/wp-json\/wp\/v2\/posts\/3977\/revisions\/3980"}],"wp:featuredmedia":[{"embeddable":true,"href":"https:\/\/jornaloalvorada.com.br\/site\/wp-json\/wp\/v2\/media\/3979"}],"wp:attachment":[{"href":"https:\/\/jornaloalvorada.com.br\/site\/wp-json\/wp\/v2\/media?parent=3977"}],"wp:term":[{"taxonomy":"category","embeddable":true,"href":"https:\/\/jornaloalvorada.com.br\/site\/wp-json\/wp\/v2\/categories?post=3977"},{"taxonomy":"post_tag","embeddable":true,"href":"https:\/\/jornaloalvorada.com.br\/site\/wp-json\/wp\/v2\/tags?post=3977"}],"curies":[{"name":"wp","href":"https:\/\/api.w.org\/{rel}","templated":true}]}}