{"id":3958,"date":"2023-12-06T15:16:09","date_gmt":"2023-12-06T19:16:09","guid":{"rendered":"https:\/\/jornaloalvorada.com.br\/site\/?p=3958"},"modified":"2023-12-06T15:16:12","modified_gmt":"2023-12-06T19:16:12","slug":"paria-lula-e-o-grande-culpado-pelo-fracasso-do-acordo-ue-mercosul","status":"publish","type":"post","link":"https:\/\/jornaloalvorada.com.br\/site\/2023\/12\/06\/paria-lula-e-o-grande-culpado-pelo-fracasso-do-acordo-ue-mercosul\/","title":{"rendered":"P\u00e1ria: Lula \u00e9 o grande culpado pelo fracasso do acordo UE-Mercosul"},"content":{"rendered":"\n<p>A reuni\u00e3o do Mercosul que acontecer\u00e1 nesta quinta, 7, em Rio de Janeiro, n\u00e3o culminar\u00e1 com a assinatura do acordo entre o bloco e a Uni\u00e3o Europeia. Nos \u00faltimos dias, o presidente Lula (foto) tem feito o poss\u00edvel para n\u00e3o ser responsabilizado pelo fracasso. \u201cA \u00fanica coisa que tem que ficar clara \u00e9 que n\u00e3o digam mais que \u00e9 por conta do Brasil. E que n\u00e3o digam mais que \u00e9 por conta da Am\u00e9rica do Sul\u201c, disse o presidente no domingo, 3. Lula tamb\u00e9m tentou jogar a culpa nos franceses. \u201cA Fran\u00e7a sempre foi o pa\u00eds que criou obst\u00e1culo no acordo do Mercosul com a Uni\u00e3o Europeia. Porque a Fran\u00e7a tem milhares de pequenos produtores e eles querem produzir os seus produtos. \u00c9 isso.\u201d<\/p>\n\n\n\n<p>Mas \u00e9 Lula o maior culpado pelo fracasso do acordo UE-Mercosul. Foram as decis\u00f5es tomadas em seu governo que estancaram as negocia\u00e7\u00f5es at\u00e9 que a janela de oportunidade se fechasse. As informa\u00e7\u00f5es s\u00e3o da Revista Cruso\u00e9.<\/p>\n\n\n\n<p>O acordo foi ratificado em 2019, no in\u00edcio do governo de Jair Bolsonaro. Faltava, ent\u00e3o, a aprova\u00e7\u00e3o pelos parlamentos dos pa\u00edses dos dois blocos. O que atrapalhou uma decis\u00e3o r\u00e1pida foram as not\u00edcias de desmatamento na Amaz\u00f4nia e as declara\u00e7\u00f5es atrapalhadas de Bolsonaro, que levaram os l\u00edderes europeus a se afastar do Brasil.<\/p>\n\n\n\n<p>Com a posse de Lula, em janeiro de 2023, a ret\u00f3rica sobre o meio ambiente mudou, e os europeus demonstraram enorme boa vontade para com o Brasil. A invas\u00e3o russa da Ucr\u00e2nia ainda levou os europeus a procurarem aliados no exterior. Abriu-se uma fant\u00e1stica janela de oportunidade para as democracias do Cone Sul.<\/p>\n\n\n\n<p>Mas, em vez de correr com o acordo, o governo de Lula passou o tempo todo criando obst\u00e1culos. Em junho, o presidente reclamou de um protocolo adicional enviado pela Uni\u00e3o Europeia sobre quest\u00f5es ambientais. \u201cN\u00e3o \u00e9 poss\u00edvel que a gente tenha uma parceria estrat\u00e9gica e haja uma carta adicional fazendo amea\u00e7as a um parceiro estrat\u00e9gico\u201c, disse Lula. Acontece que n\u00e3o havia amea\u00e7a alguma. Na carta, n\u00e3o se ventilavam san\u00e7\u00f5es ao Brasil no caso de problemas com o meio ambiente. O que havia, isso sim, era o estabelecimento de mecanismos de consultas entre as partes. Lula apenas criou um subterf\u00fagio para melar o acordo.<\/p>\n\n\n\n<p>Outro obst\u00e1culo imposto por Lula foi a exig\u00eancia de exclusividade nas compras governamentais. Dizia-se que era preciso proteger as pequenas e m\u00e9dias empresas nacionais que participam de licita\u00e7\u00f5es de minist\u00e9rios e estatais, como uma forma de desenvolver a economia brasileira. \u201cAs compras governamentais s\u00e3o um instrumento vital para articular investimentos em infraestrutura e sustentar nossa pol\u00edtica industrial\u201c, disse Lula em julho, em Bruxelas. O que essa pol\u00edtica desenvolvimentista produziu no passado \u00e9 algo bem conhecido dos brasileiros: esc\u00e2ndalos de corrup\u00e7\u00e3o em s\u00e9rie no Programa de Acelera\u00e7\u00e3o do Crescimento, o PAC. Al\u00e9m disso, a tese n\u00e3o se sustenta, porque o acordo exclu\u00eda as empresas europeias por oito anos nas compras governamentais em infraestrutura, o que daria tempo para as firmas nacionais se adaptarem.<\/p>\n\n\n\n<p>Lula ainda colocou o assessor especial da Presid\u00eancia, Celso Amorim, para bombardear o acordo. \u201cEu creio que h\u00e1 insufici\u00eancias s\u00e9rias. O que ele nos oferece \u00e9 pouco, em termos de produtos do nosso interesse, e o que se exige da gente \u00e9 muito. Fica apenas a quest\u00e3o: vale a pena ter um acordo de livre com\u00e9rcio, ainda que n\u00e3o seja o ideal, s\u00f3 por ter? E essa \u00e9 a decis\u00e3o dif\u00edcil que se vai ter que tomar\u201c, disse Amorim ao jornal Valor, durante a COP28, em Dubai.<\/p>\n\n\n\n<p>Lula e o PT nunca engoliram o acordo com a Uni\u00e3o Europeia, por dois motivos. Primeiro, porque foi fechado durante o governo de Jair Bolsonaro. Segundo, porque \u00e9 um acordo de livre com\u00e9rcio feito com pa\u00edses ricos. Vale lembrar que, no passado, o petista se orgulhava de ter enterrado a Alca, a \u00c1rea de Livre-Com\u00e9rcio das Am\u00e9ricas, que englobaria Estados Unidos, Canad\u00e1 e pa\u00edses da Am\u00e9rica Latina. \u201cCom (N\u00e9stor) Kirchner, enterramos a Alca aqui em Mar del Plata. Aqui criamos a Unasul\u201c, disse Lula em 2015.<\/p>\n\n\n\n<p>O Lula que enterrou a Alca \u00e9 o mesmo Lula que afundou o acordo com a Uni\u00e3o Europeia. A diferen\u00e7a \u00e9 que o petista agora diz que estava \u201cdoido\u201d para concluir as negocia\u00e7\u00f5es. Acredita quem quer.<\/p>\n\n\n\n<p><strong>Cruso\u00e9\/Duda Teixeira<\/strong><\/p>\n","protected":false},"excerpt":{"rendered":"<p>A reuni\u00e3o do Mercosul que acontecer\u00e1 nesta quinta, 7, em Rio de Janeiro, n\u00e3o culminar\u00e1 com a assinatura do acordo<\/p>\n","protected":false},"author":1,"featured_media":3959,"comment_status":"open","ping_status":"open","sticky":false,"template":"","format":"standard","meta":{"footnotes":""},"categories":[2],"tags":[],"class_list":["post-3958","post","type-post","status-publish","format-standard","has-post-thumbnail","hentry","category-noticias"],"_links":{"self":[{"href":"https:\/\/jornaloalvorada.com.br\/site\/wp-json\/wp\/v2\/posts\/3958","targetHints":{"allow":["GET"]}}],"collection":[{"href":"https:\/\/jornaloalvorada.com.br\/site\/wp-json\/wp\/v2\/posts"}],"about":[{"href":"https:\/\/jornaloalvorada.com.br\/site\/wp-json\/wp\/v2\/types\/post"}],"author":[{"embeddable":true,"href":"https:\/\/jornaloalvorada.com.br\/site\/wp-json\/wp\/v2\/users\/1"}],"replies":[{"embeddable":true,"href":"https:\/\/jornaloalvorada.com.br\/site\/wp-json\/wp\/v2\/comments?post=3958"}],"version-history":[{"count":1,"href":"https:\/\/jornaloalvorada.com.br\/site\/wp-json\/wp\/v2\/posts\/3958\/revisions"}],"predecessor-version":[{"id":3960,"href":"https:\/\/jornaloalvorada.com.br\/site\/wp-json\/wp\/v2\/posts\/3958\/revisions\/3960"}],"wp:featuredmedia":[{"embeddable":true,"href":"https:\/\/jornaloalvorada.com.br\/site\/wp-json\/wp\/v2\/media\/3959"}],"wp:attachment":[{"href":"https:\/\/jornaloalvorada.com.br\/site\/wp-json\/wp\/v2\/media?parent=3958"}],"wp:term":[{"taxonomy":"category","embeddable":true,"href":"https:\/\/jornaloalvorada.com.br\/site\/wp-json\/wp\/v2\/categories?post=3958"},{"taxonomy":"post_tag","embeddable":true,"href":"https:\/\/jornaloalvorada.com.br\/site\/wp-json\/wp\/v2\/tags?post=3958"}],"curies":[{"name":"wp","href":"https:\/\/api.w.org\/{rel}","templated":true}]}}