{"id":3955,"date":"2023-12-05T10:08:44","date_gmt":"2023-12-05T14:08:44","guid":{"rendered":"https:\/\/jornaloalvorada.com.br\/site\/?p=3955"},"modified":"2023-12-05T10:08:47","modified_gmt":"2023-12-05T14:08:47","slug":"equipe-delariva-nas-e-vice-campea-do-mundial-cbjje","status":"publish","type":"post","link":"https:\/\/jornaloalvorada.com.br\/site\/2023\/12\/05\/equipe-delariva-nas-e-vice-campea-do-mundial-cbjje\/","title":{"rendered":"Equipe Delariva NAS \u00e9 vice-campe\u00e3 do Mundial CBJJE"},"content":{"rendered":"\n<p>Equipe Delariva NAS \u00e9 vice-campe\u00e3 do Campeonato Mundial na classifica\u00e7\u00e3o geral por equipes.<\/p>\n\n\n\n<p>Mais um dia hist\u00f3rico para o jiu-j\u00edtsu do Mato Grosso do Sul, a equipe Delariva Nas que \u00e9 a atual campe\u00e3 estadual agora \u00e9 Vice-Campe\u00e3 Mundial CBJJE.<\/p>\n\n\n\n<p>Quero mais uma vez, parabenizar os professores Fl\u00e1vio e Felipe e todos os nossos atletas. Voc\u00eas est\u00e3o fazendo hist\u00f3ria e representando muito bem o nosso munic\u00edpio.<\/p>\n","protected":false},"excerpt":{"rendered":"<p>Equipe Delariva NAS \u00e9 vice-campe\u00e3 do Campeonato Mundial na classifica\u00e7\u00e3o geral por equipes. Mais um dia hist\u00f3rico para o jiu-j\u00edtsu<\/p>\n","protected":false},"author":1,"featured_media":3956,"comment_status":"open","ping_status":"open","sticky":false,"template":"","format":"standard","meta":{"footnotes":""},"categories":[2],"tags":[],"class_list":["post-3955","post","type-post","status-publish","format-standard","has-post-thumbnail","hentry","category-noticias"],"_links":{"self":[{"href":"https:\/\/jornaloalvorada.com.br\/site\/wp-json\/wp\/v2\/posts\/3955","targetHints":{"allow":["GET"]}}],"collection":[{"href":"https:\/\/jornaloalvorada.com.br\/site\/wp-json\/wp\/v2\/posts"}],"about":[{"href":"https:\/\/jornaloalvorada.com.br\/site\/wp-json\/wp\/v2\/types\/post"}],"author":[{"embeddable":true,"href":"https:\/\/jornaloalvorada.com.br\/site\/wp-json\/wp\/v2\/users\/1"}],"replies":[{"embeddable":true,"href":"https:\/\/jornaloalvorada.com.br\/site\/wp-json\/wp\/v2\/comments?post=3955"}],"version-history":[{"count":1,"href":"https:\/\/jornaloalvorada.com.br\/site\/wp-json\/wp\/v2\/posts\/3955\/revisions"}],"predecessor-version":[{"id":3957,"href":"https:\/\/jornaloalvorada.com.br\/site\/wp-json\/wp\/v2\/posts\/3955\/revisions\/3957"}],"wp:featuredmedia":[{"embeddable":true,"href":"https:\/\/jornaloalvorada.com.br\/site\/wp-json\/wp\/v2\/media\/3956"}],"wp:attachment":[{"href":"https:\/\/jornaloalvorada.com.br\/site\/wp-json\/wp\/v2\/media?parent=3955"}],"wp:term":[{"taxonomy":"category","embeddable":true,"href":"https:\/\/jornaloalvorada.com.br\/site\/wp-json\/wp\/v2\/categories?post=3955"},{"taxonomy":"post_tag","embeddable":true,"href":"https:\/\/jornaloalvorada.com.br\/site\/wp-json\/wp\/v2\/tags?post=3955"}],"curies":[{"name":"wp","href":"https:\/\/api.w.org\/{rel}","templated":true}]}}