{"id":3952,"date":"2023-12-04T08:08:00","date_gmt":"2023-12-04T12:08:00","guid":{"rendered":"https:\/\/jornaloalvorada.com.br\/site\/?p=3952"},"modified":"2023-12-04T13:10:35","modified_gmt":"2023-12-04T17:10:35","slug":"novo-rg-governo-recua-e-desiste-de-mudar-campos-que-seriam-alterados-saiba-quais","status":"publish","type":"post","link":"https:\/\/jornaloalvorada.com.br\/site\/2023\/12\/04\/novo-rg-governo-recua-e-desiste-de-mudar-campos-que-seriam-alterados-saiba-quais\/","title":{"rendered":"Novo RG: governo recua e desiste de mudar campos que seriam alterados; Saiba quais"},"content":{"rendered":"\n<p>A nova carteira de identidade nacional (CIN) vai manter a distin\u00e7\u00e3o entre &#8220;nome de registro&#8221; e &#8220;nome social&#8221; e tamb\u00e9m o campo &#8220;sexo&#8221;. A decis\u00e3o desagradou as organiza\u00e7\u00f5es que representam pessoas LGBTQIA+ que se posicionaram contra o que chamam de &#8220;recuo do governo federal&#8221;.<\/p>\n\n\n\n<p>Em maio passado, o Minist\u00e9rio da Gest\u00e3o e Inova\u00e7\u00e3o em Servi\u00e7os P\u00fablicos (MGI) anunciou que as duas determina\u00e7\u00f5es que tinham sido adotadas em 2022, durante o governo Bolsonaro, n\u00e3o seriam usadas no novo RG. Um grupo de trabalho, com a presen\u00e7a do Minist\u00e9rio dos Direitos Humanos e da Cidadania, definiu que haveria a unifica\u00e7\u00e3o do campo &#8220;nome&#8221;, sem distin\u00e7\u00e3o de &#8220;nome social&#8221; ou &#8220;nome de registro&#8221;, e a exclus\u00e3o do campo &#8220;sexo&#8221;.<\/p>\n\n\n\n<p>No entanto, o MGI voltou atr\u00e1s. Na sexta-feira (1\u00ba), o minist\u00e9rio confirmou ao g1 que vai manter o documento como antes.<\/p>\n\n\n\n<p>Questionado sobre o recuo na decis\u00e3o, o Minist\u00e9rio da Gest\u00e3o e da Inova\u00e7\u00e3o em Servi\u00e7os P\u00fablicos n\u00e3o respondeu a pergunta. O Minist\u00e9rio dos Direitos Humanos e da Cidadania tamb\u00e9m n\u00e3o se posicionou sobre o assunto at\u00e9 a publica\u00e7\u00e3o desta reportagem.<\/p>\n\n\n\n<p>Segundo a secret\u00e1ria pol\u00edtica da Associa\u00e7\u00e3o Nacional de Travestis e Transexuais (Antra) Bruna Benevides, a decis\u00e3o do governo de manter as duas medidas na carteira de identidade abre brechas para viola\u00e7\u00e3o de direitos humanos(entenda mais abaixo).<\/p>\n\n\n\n<p>\u201cO campo sexo e a manuten\u00e7\u00e3o de dois campos de nome, incluindo o nome social e o nome de registro, n\u00e3o cumprem o papel de proteger as pessoas trans e garantir cidadania. Pelo contr\u00e1rio. S\u00e3o meios de produzir e manter viol\u00eancias\u201d, diz Bruna Benevides.<\/p>\n\n\n\n<p>Ela alerta para poss\u00edveis repres\u00e1lias como humilha\u00e7\u00e3o, tratamentos vexat\u00f3rios e desproporcionais e tamb\u00e9m viol\u00eancias diversas. &#8220;A gente est\u00e1 falando do Brasil, o pa\u00eds que mais assassina pessoas trans do mundo&#8221;, diz ela.<\/p>\n\n\n\n<p>A Antra fez, em 2022, uma pesquisa sobre a retifica\u00e7\u00e3o do campo &#8220;sexo&#8221; por pessoas trans. De acordo com o levantamento, 65% das pessoas trans n\u00e3o conseguiram corrigir o documento por tr\u00eas motivos: altos custos, excesso de burocracia e transfobia institucional dos cart\u00f3rios.<\/p>\n\n\n\n<p>&#8220;Ao inv\u00e9s de estar discutindo incluir o campo \u2018sexo\u2019 no RG, o Estado deveria estar discutindo formas de tornar mais efetiva a retifica\u00e7\u00e3o para essas pessoas e o Estado tem se furtado nesse sentido\u201d, diz Bruna Benivides.<\/p>\n\n\n\n<p><strong><em>Fonte: Terra Brasil Not\u00edcias<\/em><\/strong><\/p>\n","protected":false},"excerpt":{"rendered":"<p>A nova carteira de identidade nacional (CIN) vai manter a distin\u00e7\u00e3o entre &#8220;nome de registro&#8221; e &#8220;nome social&#8221; e tamb\u00e9m<\/p>\n","protected":false},"author":1,"featured_media":3953,"comment_status":"open","ping_status":"open","sticky":false,"template":"","format":"standard","meta":{"footnotes":""},"categories":[2],"tags":[],"class_list":["post-3952","post","type-post","status-publish","format-standard","has-post-thumbnail","hentry","category-noticias"],"_links":{"self":[{"href":"https:\/\/jornaloalvorada.com.br\/site\/wp-json\/wp\/v2\/posts\/3952","targetHints":{"allow":["GET"]}}],"collection":[{"href":"https:\/\/jornaloalvorada.com.br\/site\/wp-json\/wp\/v2\/posts"}],"about":[{"href":"https:\/\/jornaloalvorada.com.br\/site\/wp-json\/wp\/v2\/types\/post"}],"author":[{"embeddable":true,"href":"https:\/\/jornaloalvorada.com.br\/site\/wp-json\/wp\/v2\/users\/1"}],"replies":[{"embeddable":true,"href":"https:\/\/jornaloalvorada.com.br\/site\/wp-json\/wp\/v2\/comments?post=3952"}],"version-history":[{"count":1,"href":"https:\/\/jornaloalvorada.com.br\/site\/wp-json\/wp\/v2\/posts\/3952\/revisions"}],"predecessor-version":[{"id":3954,"href":"https:\/\/jornaloalvorada.com.br\/site\/wp-json\/wp\/v2\/posts\/3952\/revisions\/3954"}],"wp:featuredmedia":[{"embeddable":true,"href":"https:\/\/jornaloalvorada.com.br\/site\/wp-json\/wp\/v2\/media\/3953"}],"wp:attachment":[{"href":"https:\/\/jornaloalvorada.com.br\/site\/wp-json\/wp\/v2\/media?parent=3952"}],"wp:term":[{"taxonomy":"category","embeddable":true,"href":"https:\/\/jornaloalvorada.com.br\/site\/wp-json\/wp\/v2\/categories?post=3952"},{"taxonomy":"post_tag","embeddable":true,"href":"https:\/\/jornaloalvorada.com.br\/site\/wp-json\/wp\/v2\/tags?post=3952"}],"curies":[{"name":"wp","href":"https:\/\/api.w.org\/{rel}","templated":true}]}}