{"id":3946,"date":"2023-12-04T13:03:37","date_gmt":"2023-12-04T17:03:37","guid":{"rendered":"https:\/\/jornaloalvorada.com.br\/site\/?p=3946"},"modified":"2023-12-04T13:03:40","modified_gmt":"2023-12-04T17:03:40","slug":"stf-deve-julgar-descriminalizacao-do-porte-de-drogas-no-proximo-ano","status":"publish","type":"post","link":"https:\/\/jornaloalvorada.com.br\/site\/2023\/12\/04\/stf-deve-julgar-descriminalizacao-do-porte-de-drogas-no-proximo-ano\/","title":{"rendered":"STF deve julgar descriminaliza\u00e7\u00e3o do porte de drogas no pr\u00f3ximo ano"},"content":{"rendered":"\n<p>O plen\u00e1rio do Supremo Tribunal Federal (STF) deve julgar no in\u00edcio de 2024 a possibilidade de descriminaliza\u00e7\u00e3o do porte de drogas. A informa\u00e7\u00e3o foi confirmada pela assessoria da Corte ap\u00f3s a devolu\u00e7\u00e3o autom\u00e1tica de uma vista do processo.<img decoding=\"async\" src=\"https:\/\/agenciabrasil.ebc.com.br\/ebc.png?id=1570257&amp;o=node\"><img decoding=\"async\" src=\"https:\/\/agenciabrasil.ebc.com.br\/ebc.gif?id=1570257&amp;o=node\"><\/p>\n\n\n\n<p>Nesta segunda-feira (4), o recurso que trata do assunto foi automaticamente devolvido para continuidade de julgamento, ap\u00f3s decorrido o prazo de 90 dias para a vista (mais tempo de an\u00e1lise) pedida pelo ministro Andr\u00e9 Mendon\u00e7a.<\/p>\n\n\n\n<p>Em seguida \u00e0 libera\u00e7\u00e3o, o Supremo informou que \u201ca regra geral\u201d \u00e9 que o presidente do STF, ministro Lu\u00eds Roberto Barroso, paute as a\u00e7\u00f5es para julgamento t\u00e3o logo sejam liberadas pelo sistema da Corte.<\/p>\n\n\n\n<p>No caso da descriminaliza\u00e7\u00e3o das drogas, o julgamento deve ser realizado numa das primeiras sess\u00f5es plen\u00e1rias do que vem, uma vez que a pauta de dezembro j\u00e1 encontra-se <a href=\"https:\/\/agenciabrasil.ebc.com.br\/justica\/noticia\/2023-12\/em-dezembro-stf-julga-licenca-paternidade-estatais-e-agenda-verde\" target=\"_blank\" rel=\"noreferrer noopener\">fechada e divulgada, afirmou o Supremo<\/a>.<\/p>\n\n\n\n<p>O caso j\u00e1 foi diversas vezes a plen\u00e1rio, sendo alvo de sucessivos pedidos de vista. At\u00e9 o momento, o placar est\u00e1 em 5 a 1 pela<a href=\"https:\/\/agenciabrasil.ebc.com.br\/justica\/noticia\/2023-08\/stf-tem-cinco-votos-para-descriminalizar-porte-de-maconha-para-consumo\" target=\"_blank\" rel=\"noreferrer noopener\"> <\/a><a href=\"https:\/\/agenciabrasil.ebc.com.br\/justica\/noticia\/2023-08\/zanin-vota-contra-descriminalizacao-da-maconha-para-uso-pessoal\" target=\"_blank\" rel=\"noreferrer noopener\">descriminaliza\u00e7\u00e3o apenas do porte de maconha<\/a>, em uma quantidade que deve ficar limitada entre 25g a 60g. A maioria at\u00e9 agora se mostrou favor\u00e1vel tamb\u00e9m \u00e0 libera\u00e7\u00e3o do cultivo de at\u00e9 seis plantas f\u00eameas de <em>cannabis<\/em>.<\/p>\n\n\n\n<p>Na retomada mais recente do caso, em agosto, o ministro Cristiano Zanin, ent\u00e3o rec\u00e9m-empossado, votou contra a descriminaliza\u00e7\u00e3o do porte de maconha, sendo o primeiro voto divergente nesse sentido. Ele opinou para que o porte e uso pessoal continue a ser crime, admitindo somente que o Supremo estabele\u00e7a um limite para diferenciar uso de tr\u00e1fico.<\/p>\n\n\n\n<p>Na mesma ocasi\u00e3o, a ministra Rosa Weber, hoje aposentada, votou a favor da descriminaliza\u00e7\u00e3o do <a href=\"https:\/\/agenciabrasil.ebc.com.br\/justica\/noticia\/2023-08\/stf-tem-cinco-votos-para-descriminalizar-porte-de-maconha-para-consumo\" target=\"_blank\" rel=\"noreferrer noopener\">porte de maconha<\/a>. O ministro Gilmar Mendes tamb\u00e9m ajustou seu voto, que antes liberava o porte de qualquer droga, para abranger somente a <em>cannabis<\/em>.<\/p>\n\n\n\n<h2 class=\"wp-block-heading\">Entenda<\/h2>\n\n\n\n<p>O Supremo julga a constitucionalidade do Artigo 28 da Lei das Drogas (Lei 11.343\/2006). O dispositivo cria a figura do usu\u00e1rio, diferenciado do traficante, que \u00e9 alvo de penas mais brandas.<\/p>\n\n\n\n<p>A norma prev\u00ea presta\u00e7\u00e3o de servi\u00e7os \u00e0 comunidade, advert\u00eancia sobre os efeitos das drogas e comparecimento obrigat\u00f3rio a curso educativo para quem adquirir, transportar ou portar drogas para consumo pessoal.<\/p>\n\n\n\n<p>Dessa maneira, a lei deixou de prever a pena de pris\u00e3o, mas manteve a criminaliza\u00e7\u00e3o. Dessa forma, usu\u00e1rios de drogas ainda s\u00e3o alvos de inqu\u00e9rito policial, den\u00fancias e processos judiciais que buscam o cumprimento das penas alternativas.<\/p>\n\n\n\n<p>No caso concreto que motivou o julgamento, a defesa de um condenado pede que o porte de maconha para uso pr\u00f3prio deixe de ser considerado crime. O acusado foi detido com tr\u00eas gramas de maconha.<\/p>\n\n\n\n<p><strong><em>Fonte: Ag\u00eancia Brasil<\/em><\/strong><\/p>\n","protected":false},"excerpt":{"rendered":"<p>O plen\u00e1rio do Supremo Tribunal Federal (STF) deve julgar no in\u00edcio de 2024 a possibilidade de descriminaliza\u00e7\u00e3o do porte de<\/p>\n","protected":false},"author":1,"featured_media":3947,"comment_status":"open","ping_status":"open","sticky":false,"template":"","format":"standard","meta":{"footnotes":""},"categories":[2],"tags":[],"class_list":["post-3946","post","type-post","status-publish","format-standard","has-post-thumbnail","hentry","category-noticias"],"_links":{"self":[{"href":"https:\/\/jornaloalvorada.com.br\/site\/wp-json\/wp\/v2\/posts\/3946","targetHints":{"allow":["GET"]}}],"collection":[{"href":"https:\/\/jornaloalvorada.com.br\/site\/wp-json\/wp\/v2\/posts"}],"about":[{"href":"https:\/\/jornaloalvorada.com.br\/site\/wp-json\/wp\/v2\/types\/post"}],"author":[{"embeddable":true,"href":"https:\/\/jornaloalvorada.com.br\/site\/wp-json\/wp\/v2\/users\/1"}],"replies":[{"embeddable":true,"href":"https:\/\/jornaloalvorada.com.br\/site\/wp-json\/wp\/v2\/comments?post=3946"}],"version-history":[{"count":1,"href":"https:\/\/jornaloalvorada.com.br\/site\/wp-json\/wp\/v2\/posts\/3946\/revisions"}],"predecessor-version":[{"id":3948,"href":"https:\/\/jornaloalvorada.com.br\/site\/wp-json\/wp\/v2\/posts\/3946\/revisions\/3948"}],"wp:featuredmedia":[{"embeddable":true,"href":"https:\/\/jornaloalvorada.com.br\/site\/wp-json\/wp\/v2\/media\/3947"}],"wp:attachment":[{"href":"https:\/\/jornaloalvorada.com.br\/site\/wp-json\/wp\/v2\/media?parent=3946"}],"wp:term":[{"taxonomy":"category","embeddable":true,"href":"https:\/\/jornaloalvorada.com.br\/site\/wp-json\/wp\/v2\/categories?post=3946"},{"taxonomy":"post_tag","embeddable":true,"href":"https:\/\/jornaloalvorada.com.br\/site\/wp-json\/wp\/v2\/tags?post=3946"}],"curies":[{"name":"wp","href":"https:\/\/api.w.org\/{rel}","templated":true}]}}