{"id":3943,"date":"2023-12-04T13:01:17","date_gmt":"2023-12-04T17:01:17","guid":{"rendered":"https:\/\/jornaloalvorada.com.br\/site\/?p=3943"},"modified":"2023-12-04T13:01:21","modified_gmt":"2023-12-04T17:01:21","slug":"micro-e-pequenas-empresas-sao-as-maiores-empregadoras-do-pais","status":"publish","type":"post","link":"https:\/\/jornaloalvorada.com.br\/site\/2023\/12\/04\/micro-e-pequenas-empresas-sao-as-maiores-empregadoras-do-pais\/","title":{"rendered":"Micro e pequenas empresas s\u00e3o as maiores empregadoras do pa\u00eds"},"content":{"rendered":"\n<p><div id=\"page\" class=\"hfeed site\"><div id=\"main\" class=\"clearfix\"><div class=\"inner-wrap clearfix\"><div id=\"primary\"><div id=\"content\" class=\"clearfix\"><article id=\"post-4302\" class=\"post-4302 post type-post status-publish format-standard has-post-thumbnail hentry category-economia\"><div class=\"article-content clearfix\"><div class=\"entry-content clearfix\"> <p>Um estudo do Sebrae elaborado com base nos dados do Cadastro Geral de  Empregados e Desempregados (Novo Caged) apontou que 71% das 1,78 milh\u00e3o  de vagas de trabalho criadas em 2023 tiveram como origem as micro e  pequenas empresas. O levantamento mostra que essas empresas geraram 1,26  milh\u00e3o de postos de trabalho, enquanto as m\u00e9dias e grandes geraram  372,4 mil vagas, o que equivale a cerca de 21% do total de empregos.<img decoding=\"async\" src=\"https:\/\/agenciabrasil.ebc.com.br\/ebc.png?id=1570258&amp;o=node\"><img decoding=\"async\" src=\"https:\/\/agenciabrasil.ebc.com.br\/ebc.gif?id=1570258&amp;o=node\"><\/p> <p>No m\u00eas de outubro, de acordo com o Sebrae, as micro e pequenas empresas geraram 124,1 mil vagas, do total de pouco mais de <a href=\"https:\/\/agenciabrasil.ebc.com.br\/economia\/noticia\/2023-11\/brasil-gera-mais-de-190-mil-postos-com-carteira-assinada-em-outubro\" target=\"_blank\" rel=\"noreferrer noopener\">190 mil postos de trabalho<\/a>.  O n\u00famero representa 65,2% do saldo l\u00edquido de contrata\u00e7\u00f5es efetuadas.  Enquanto as m\u00e9dias e grandes empresas foram respons\u00e1veis por 69,8 mil  novas vagas, equivalente a 36,7% do saldo.<\/p> <p>Para o presidente do Sebrae, D\u00e9cio Lima, os n\u00fameros mostram, mais uma  vez, a for\u00e7a do pequeno neg\u00f3cio e a import\u00e2ncia desse segmento para a  economia.<\/p> <p>\u201cS\u00e3o os empreendedores de pequeno porte que t\u00eam sustentado o pa\u00eds.  S\u00e3o as pessoas que acordam todas as manh\u00e3s e fazem o Brasil se  movimentar, distribuindo renda, proporcionando inclus\u00e3o social e a  transforma\u00e7\u00e3o das vidas de bairros e munic\u00edpios, em todas as regi\u00f5es.  Pela primeira vez na hist\u00f3ria o Brasil registrou a marca de 100 milh\u00f5es  pessoas ocupadas. E temos uma das menores taxa de desemprego de 7,6%\u201d.<\/p> <p><em><strong>Fonte: Ag\u00eancia Brasil<\/strong><\/em><\/p> <\/div><\/div><\/article><\/div><\/div><\/div><\/div><\/div><\/p>\n","protected":false},"excerpt":{"rendered":"<p>Um estudo do Sebrae elaborado com base nos dados do Cadastro Geral de Empregados e Desempregados (Novo Caged) apontou que<\/p>\n","protected":false},"author":1,"featured_media":1354,"comment_status":"open","ping_status":"open","sticky":false,"template":"","format":"standard","meta":{"footnotes":""},"categories":[2],"tags":[],"class_list":["post-3943","post","type-post","status-publish","format-standard","has-post-thumbnail","hentry","category-noticias"],"_links":{"self":[{"href":"https:\/\/jornaloalvorada.com.br\/site\/wp-json\/wp\/v2\/posts\/3943","targetHints":{"allow":["GET"]}}],"collection":[{"href":"https:\/\/jornaloalvorada.com.br\/site\/wp-json\/wp\/v2\/posts"}],"about":[{"href":"https:\/\/jornaloalvorada.com.br\/site\/wp-json\/wp\/v2\/types\/post"}],"author":[{"embeddable":true,"href":"https:\/\/jornaloalvorada.com.br\/site\/wp-json\/wp\/v2\/users\/1"}],"replies":[{"embeddable":true,"href":"https:\/\/jornaloalvorada.com.br\/site\/wp-json\/wp\/v2\/comments?post=3943"}],"version-history":[{"count":1,"href":"https:\/\/jornaloalvorada.com.br\/site\/wp-json\/wp\/v2\/posts\/3943\/revisions"}],"predecessor-version":[{"id":3944,"href":"https:\/\/jornaloalvorada.com.br\/site\/wp-json\/wp\/v2\/posts\/3943\/revisions\/3944"}],"wp:featuredmedia":[{"embeddable":true,"href":"https:\/\/jornaloalvorada.com.br\/site\/wp-json\/wp\/v2\/media\/1354"}],"wp:attachment":[{"href":"https:\/\/jornaloalvorada.com.br\/site\/wp-json\/wp\/v2\/media?parent=3943"}],"wp:term":[{"taxonomy":"category","embeddable":true,"href":"https:\/\/jornaloalvorada.com.br\/site\/wp-json\/wp\/v2\/categories?post=3943"},{"taxonomy":"post_tag","embeddable":true,"href":"https:\/\/jornaloalvorada.com.br\/site\/wp-json\/wp\/v2\/tags?post=3943"}],"curies":[{"name":"wp","href":"https:\/\/api.w.org\/{rel}","templated":true}]}}