{"id":3940,"date":"2023-12-04T13:00:12","date_gmt":"2023-12-04T17:00:12","guid":{"rendered":"https:\/\/jornaloalvorada.com.br\/site\/?p=3940"},"modified":"2023-12-04T13:00:16","modified_gmt":"2023-12-04T17:00:16","slug":"segunda-feira-promete-chuva-e-ate-possibilidade-de-tempestades-com-queda-de-granizo-em-ms","status":"publish","type":"post","link":"https:\/\/jornaloalvorada.com.br\/site\/2023\/12\/04\/segunda-feira-promete-chuva-e-ate-possibilidade-de-tempestades-com-queda-de-granizo-em-ms\/","title":{"rendered":"Segunda-feira promete chuva e at\u00e9 possibilidade de tempestades com queda de granizo em MS"},"content":{"rendered":"\n<p><div id=\"page\" class=\"hfeed site\"><div id=\"main\" class=\"clearfix\"><div class=\"inner-wrap clearfix\"><div id=\"primary\"><div id=\"content\" class=\"clearfix\"><article id=\"post-4284\" class=\"post-4284 post type-post status-publish format-standard has-post-thumbnail hentry category-clima\"><div class=\"article-content clearfix\"><div class=\"entry-content clearfix\"><div id=\"single\"><div class=\"container\"><div class=\"row\"><div class=\"col-12  col-lg-8\"><div class=\"post-458490 post type-post status-publish format-standard has-post-thumbnail hentry category-tempo tag-destaque1\" id=\"post-458490\"><div class=\"entry\"><p>A  semana come\u00e7a como terminou a anterior: tempo  inst\u00e1vel e com chuva.  Essa segunda-feira (4) pode ter tempestades  acompanhadas de raios,  rajadas de vento e eventual queda de granizo,  segundo prev\u00ea o Cemtec  (Centro de Monitoramento do Tempo e do Clima)  para Mato Grosso do Sul.<\/p> <p>De  acordo com a coordenadora do centro, a meteorologista Valesca   Fernandes, o motivo de tal instabilidade \u00e9 o avan\u00e7o de uma frente fria   oce\u00e2nica, combinada com o intenso fluxo de calor e umidade vindo da   Amaz\u00f4nia. Al\u00e9m disso, o deslocamento de cavados e a atua\u00e7\u00e3o de uma \u00e1rea   de baixa press\u00e3o atmosf\u00e9rica sobre o Paraguai formam a combina\u00e7\u00e3o que   gera tal cen\u00e1rio.<\/p> <p>Os dados do Cemtec apontam que os maiores  acumulados de chuva nesta  segunda-feira est\u00e3o previstos para por\u00e7\u00e3o sul  do Estado. Os term\u00f4metros  devem variar entre 22\u00b0C e 31\u00b0C nas regi\u00f5e  sul, leste, norte e  pantaneira, enquanto no Bols\u00e3o e sudoeste fica  entre 22\u00b0C e 34\u00b0C. J\u00e1 em  Campo Grande, a temperatura m\u00ednima prevista \u00e9  de 22\u00b0C e a m\u00e1xima de  29\u00b0C.<\/p> <p><em>Comunica\u00e7\u00e3o Governo de MS<\/em> <em>Foto: Chico Ribeiro\/Arquivo<\/em><\/p> <\/div><\/div><\/div><\/div><\/div><\/div><\/div><\/div><\/article><\/div><\/div><\/div><\/div><\/div><\/p>\n","protected":false},"excerpt":{"rendered":"<p>A semana come\u00e7a como terminou a anterior: tempo inst\u00e1vel e com chuva. Essa segunda-feira (4) pode ter tempestades acompanhadas de<\/p>\n","protected":false},"author":1,"featured_media":3941,"comment_status":"open","ping_status":"open","sticky":false,"template":"","format":"standard","meta":{"footnotes":""},"categories":[2],"tags":[],"class_list":["post-3940","post","type-post","status-publish","format-standard","has-post-thumbnail","hentry","category-noticias"],"_links":{"self":[{"href":"https:\/\/jornaloalvorada.com.br\/site\/wp-json\/wp\/v2\/posts\/3940","targetHints":{"allow":["GET"]}}],"collection":[{"href":"https:\/\/jornaloalvorada.com.br\/site\/wp-json\/wp\/v2\/posts"}],"about":[{"href":"https:\/\/jornaloalvorada.com.br\/site\/wp-json\/wp\/v2\/types\/post"}],"author":[{"embeddable":true,"href":"https:\/\/jornaloalvorada.com.br\/site\/wp-json\/wp\/v2\/users\/1"}],"replies":[{"embeddable":true,"href":"https:\/\/jornaloalvorada.com.br\/site\/wp-json\/wp\/v2\/comments?post=3940"}],"version-history":[{"count":1,"href":"https:\/\/jornaloalvorada.com.br\/site\/wp-json\/wp\/v2\/posts\/3940\/revisions"}],"predecessor-version":[{"id":3942,"href":"https:\/\/jornaloalvorada.com.br\/site\/wp-json\/wp\/v2\/posts\/3940\/revisions\/3942"}],"wp:featuredmedia":[{"embeddable":true,"href":"https:\/\/jornaloalvorada.com.br\/site\/wp-json\/wp\/v2\/media\/3941"}],"wp:attachment":[{"href":"https:\/\/jornaloalvorada.com.br\/site\/wp-json\/wp\/v2\/media?parent=3940"}],"wp:term":[{"taxonomy":"category","embeddable":true,"href":"https:\/\/jornaloalvorada.com.br\/site\/wp-json\/wp\/v2\/categories?post=3940"},{"taxonomy":"post_tag","embeddable":true,"href":"https:\/\/jornaloalvorada.com.br\/site\/wp-json\/wp\/v2\/tags?post=3940"}],"curies":[{"name":"wp","href":"https:\/\/api.w.org\/{rel}","templated":true}]}}