{"id":3930,"date":"2023-12-02T10:40:36","date_gmt":"2023-12-02T14:40:36","guid":{"rendered":"https:\/\/jornaloalvorada.com.br\/site\/?p=3930"},"modified":"2023-12-02T10:40:39","modified_gmt":"2023-12-02T14:40:39","slug":"sabado-tem-previsao-de-sol-mas-instabilidades-podem-ocorrer-no-periodo-da-tarde-em-ms","status":"publish","type":"post","link":"https:\/\/jornaloalvorada.com.br\/site\/2023\/12\/02\/sabado-tem-previsao-de-sol-mas-instabilidades-podem-ocorrer-no-periodo-da-tarde-em-ms\/","title":{"rendered":"S\u00e1bado tem previs\u00e3o de sol mas instabilidades podem ocorrer no per\u00edodo da tarde em MS"},"content":{"rendered":"\n<p>Para este s\u00e1bado (2) a previs\u00e3o \u00e9 de sol, aumento de nebulosidade e probabilidade de chuvas e tempestades acompanhadas de raios, rajadas de vento e eventual queda de granizo. De acordo com o Cemtec (Centro de Monitoramento do Tempo e do Clima), as instabilidades atmosf\u00e9ricas ocorrem principalmente durante a tarde ou noite devido ao aquecimento diurno.<\/p>\n\n\n\n<p>Em Campo Grande, os term\u00f4metros iniciam aos 24\u00b0C e atingem os 34\u00b0C ao longo do dia. A regi\u00e3o de Grande Dourados tem m\u00ednima de 24\u00b0C e m\u00ednima de 35\u00b0C. Iguatemi e Anauril\u00e2ndia amanhecem aos 24\u00b0C e, no per\u00edodo da tarde, marcam 34\u00b0C e 35\u00b0C, respectivamente.<\/p>\n\n\n\n<p>Na regi\u00e3o do Bols\u00e3o, Parana\u00edba tem m\u00ednima de 24\u00b0C e m\u00e1xima de 35\u00b0C, j\u00e1 Tr\u00eas Lagoas apresenta varia\u00e7\u00e3o entre 25\u00b0C e 36\u00b0C. Coxim, no Norte do estado, marca 25\u00b0C inicialmente e chega aos 36\u00b0C nos hor\u00e1rios mais quentes do dia.<\/p>\n\n\n\n<p>Porto Murtinho, na regi\u00e3o Sudoeste, registra a temperatura mais alta do dia, com valores entre 28\u00b0C e 39\u00b0C. No Pantanal, Corumb\u00e1 tem m\u00ednima de 27\u00b0C e m\u00e1xima de 36\u00b0C; Em Aquidauana, a temperatura inicia aos 26\u00b0C e sobe at\u00e9 37\u00b0C.<\/p>\n\n\n\n<p><strong><em>Heloisa Duim, Programa de Est\u00e1gio Supervisionado<br>Foto: Bruno Rezende<\/em><\/strong><\/p>\n","protected":false},"excerpt":{"rendered":"<p>Para este s\u00e1bado (2) a previs\u00e3o \u00e9 de sol, aumento de nebulosidade e probabilidade de chuvas e tempestades acompanhadas de<\/p>\n","protected":false},"author":1,"featured_media":3931,"comment_status":"open","ping_status":"open","sticky":false,"template":"","format":"standard","meta":{"footnotes":""},"categories":[2],"tags":[],"class_list":["post-3930","post","type-post","status-publish","format-standard","has-post-thumbnail","hentry","category-noticias"],"_links":{"self":[{"href":"https:\/\/jornaloalvorada.com.br\/site\/wp-json\/wp\/v2\/posts\/3930","targetHints":{"allow":["GET"]}}],"collection":[{"href":"https:\/\/jornaloalvorada.com.br\/site\/wp-json\/wp\/v2\/posts"}],"about":[{"href":"https:\/\/jornaloalvorada.com.br\/site\/wp-json\/wp\/v2\/types\/post"}],"author":[{"embeddable":true,"href":"https:\/\/jornaloalvorada.com.br\/site\/wp-json\/wp\/v2\/users\/1"}],"replies":[{"embeddable":true,"href":"https:\/\/jornaloalvorada.com.br\/site\/wp-json\/wp\/v2\/comments?post=3930"}],"version-history":[{"count":1,"href":"https:\/\/jornaloalvorada.com.br\/site\/wp-json\/wp\/v2\/posts\/3930\/revisions"}],"predecessor-version":[{"id":3932,"href":"https:\/\/jornaloalvorada.com.br\/site\/wp-json\/wp\/v2\/posts\/3930\/revisions\/3932"}],"wp:featuredmedia":[{"embeddable":true,"href":"https:\/\/jornaloalvorada.com.br\/site\/wp-json\/wp\/v2\/media\/3931"}],"wp:attachment":[{"href":"https:\/\/jornaloalvorada.com.br\/site\/wp-json\/wp\/v2\/media?parent=3930"}],"wp:term":[{"taxonomy":"category","embeddable":true,"href":"https:\/\/jornaloalvorada.com.br\/site\/wp-json\/wp\/v2\/categories?post=3930"},{"taxonomy":"post_tag","embeddable":true,"href":"https:\/\/jornaloalvorada.com.br\/site\/wp-json\/wp\/v2\/tags?post=3930"}],"curies":[{"name":"wp","href":"https:\/\/api.w.org\/{rel}","templated":true}]}}