{"id":3923,"date":"2023-12-01T13:39:37","date_gmt":"2023-12-01T17:39:37","guid":{"rendered":"https:\/\/jornaloalvorada.com.br\/site\/?p=3923"},"modified":"2023-12-01T13:39:41","modified_gmt":"2023-12-01T17:39:41","slug":"governo-lula-bloqueia-r-114-bilhoes-no-orcamento-e-atinge-14-pastas-veja-mais-afetadas","status":"publish","type":"post","link":"https:\/\/jornaloalvorada.com.br\/site\/2023\/12\/01\/governo-lula-bloqueia-r-114-bilhoes-no-orcamento-e-atinge-14-pastas-veja-mais-afetadas\/","title":{"rendered":"Governo Lula bloqueia R$ 1,14 bilh\u00f5es no Or\u00e7amento e atinge 14 pastas; veja mais afetadas"},"content":{"rendered":"\n<p>O Minist\u00e9rio do Planejamento e Or\u00e7amento detalhou quais pastas foram afetadas pelo bloqueio de R$ 1,14 bilh\u00e3o realizado pelo governo para o \u00faltimo bimestre do ano.<\/p>\n\n\n\n<p>Os minist\u00e9rios dos Transportes, Cidades e Integra\u00e7\u00e3o Regional tiveram os maiores contingenciamentos. Foram pelo menos R$ 220 milh\u00f5es nas duas \u00faltimas pastas e mais de R$ 300 milh\u00f5es nos Transportes (veja o detalhamento abaixo).<\/p>\n\n\n\n<p>O bloqueio em despesas discricion\u00e1rias (ou seja, n\u00e3o obrigat\u00f3rias) j\u00e1 havia sido antecipado pelo governo federal na \u00faltima semana. No panorama anual, foram congelados R$ 4,95 bilh\u00f5es para o cumprimento dos limites de despesas de 2023 \u2014R$ 3,81 bilh\u00f5es j\u00e1 haviam sido contidos at\u00e9 o fim de setembro.<p>Tamb\u00e9m houve a libera\u00e7\u00e3o de valores congelados para os minist\u00e9rios da Sa\u00fade, Mulheres, Igualdade Racial e Direitos Humanos. Em comunicado, o governo tamb\u00e9m destacou que o Minist\u00e9rio da Educa\u00e7\u00e3o n\u00e3o sofreu mais cortes \u2014mas n\u00e3o teve a libera\u00e7\u00e3o dos R$ 497 milh\u00f5es previamente congelados.<\/p><p>O bloqueio ocorre porque a estimativa de despesas prim\u00e1rias acima do limite do arcabou\u00e7o aumentou em R$ 1,1 bilh\u00e3o. Estipulado em R$ 1,945 trilh\u00e3o para 2023, esse limite equivale ao antigo teto de gastos estabelecido para este ano. A partir de 2024, passa a valer a nova regra, equivalente a 70% do crescimento das receitas acima da infla\u00e7\u00e3o em 2023.<\/p><p>Importante ressaltar que o bloqueio n\u00e3o \u00e9 definitivo: ele pode ser revisto nos pr\u00f3ximos bimestres &#8211; inclusive pode ser totalmente eliminado &#8211; caso despesas que estavam inicialmente previstas deixem de ocorrer, abrindo assim espa\u00e7o dentro dos limites.Nota do Minist\u00e9rio do Planejamento e Or\u00e7amento<\/p><h5 class=\"wp-block-heading\">Veja os valores dos bloqueios:<\/h5><ul><li>Presid\u00eancia da Rep\u00fablica: R$ 33.071.480<\/li><li>Minist\u00e9rio da Agricultura e Pecu\u00e1ria: R$ 23.956.914<\/li><li>Minist\u00e9rio da Ci\u00eancia, Tecnologia e Inova\u00e7\u00e3o: R$ 79.276.439<\/li><li>Minist\u00e9rio da Fazenda: R$ 198.137.956<\/li><li>Minist\u00e9rio da Justi\u00e7a e Seguran\u00e7a P\u00fablica: R$ 31.071.723<\/li><li>Minist\u00e9rio das Rela\u00e7\u00f5es Exteriores: R$ 40.206.033<\/li><li>Minist\u00e9rio dos Transportes: R$ 394.195.216<\/li><li>Minist\u00e9rio da Cultura: R$ 58.195.282<\/li><li>Minist\u00e9rio do Meio Ambiente e Mudan\u00e7a do Clima: R$ 33.157.186<\/li><li>Minist\u00e9rio da Defesa: R$ 201.339.403<\/li><li>Minist\u00e9rio da Integra\u00e7\u00e3o e do Desenvolvimento Regional: R$ 226.365.945<\/li><li>Minist\u00e9rio das Cidades: R$ 228.208.219<\/li><li>Minist\u00e9rio da Pesca e Aquicultura: R$ 25.652.502<\/li><li>Minist\u00e9rio de Portos e Aeroportos: R$ 29.613.789<\/li><\/ul><p><strong>Com informa\u00e7\u00f5es de Ag\u00eancia Brasil<\/strong><\/p><p><em><strong>FONTE: terrabrasilnoticias.com<\/strong><\/em><\/p><\/p>\n","protected":false},"excerpt":{"rendered":"<p>O Minist\u00e9rio do Planejamento e Or\u00e7amento detalhou quais pastas foram afetadas pelo bloqueio de R$ 1,14 bilh\u00e3o realizado pelo governo<\/p>\n","protected":false},"author":1,"featured_media":3924,"comment_status":"open","ping_status":"open","sticky":false,"template":"","format":"standard","meta":{"footnotes":""},"categories":[2],"tags":[],"class_list":["post-3923","post","type-post","status-publish","format-standard","has-post-thumbnail","hentry","category-noticias"],"_links":{"self":[{"href":"https:\/\/jornaloalvorada.com.br\/site\/wp-json\/wp\/v2\/posts\/3923","targetHints":{"allow":["GET"]}}],"collection":[{"href":"https:\/\/jornaloalvorada.com.br\/site\/wp-json\/wp\/v2\/posts"}],"about":[{"href":"https:\/\/jornaloalvorada.com.br\/site\/wp-json\/wp\/v2\/types\/post"}],"author":[{"embeddable":true,"href":"https:\/\/jornaloalvorada.com.br\/site\/wp-json\/wp\/v2\/users\/1"}],"replies":[{"embeddable":true,"href":"https:\/\/jornaloalvorada.com.br\/site\/wp-json\/wp\/v2\/comments?post=3923"}],"version-history":[{"count":1,"href":"https:\/\/jornaloalvorada.com.br\/site\/wp-json\/wp\/v2\/posts\/3923\/revisions"}],"predecessor-version":[{"id":3925,"href":"https:\/\/jornaloalvorada.com.br\/site\/wp-json\/wp\/v2\/posts\/3923\/revisions\/3925"}],"wp:featuredmedia":[{"embeddable":true,"href":"https:\/\/jornaloalvorada.com.br\/site\/wp-json\/wp\/v2\/media\/3924"}],"wp:attachment":[{"href":"https:\/\/jornaloalvorada.com.br\/site\/wp-json\/wp\/v2\/media?parent=3923"}],"wp:term":[{"taxonomy":"category","embeddable":true,"href":"https:\/\/jornaloalvorada.com.br\/site\/wp-json\/wp\/v2\/categories?post=3923"},{"taxonomy":"post_tag","embeddable":true,"href":"https:\/\/jornaloalvorada.com.br\/site\/wp-json\/wp\/v2\/tags?post=3923"}],"curies":[{"name":"wp","href":"https:\/\/api.w.org\/{rel}","templated":true}]}}