{"id":3911,"date":"2023-12-01T09:34:22","date_gmt":"2023-12-01T13:34:22","guid":{"rendered":"https:\/\/jornaloalvorada.com.br\/site\/?p=3911"},"modified":"2023-12-01T09:34:25","modified_gmt":"2023-12-01T13:34:25","slug":"cop-28-governo-de-ms-vai-a-dubai-para-fortalecer-trabalho-focado-em-meta-do-carbono-neutro","status":"publish","type":"post","link":"https:\/\/jornaloalvorada.com.br\/site\/2023\/12\/01\/cop-28-governo-de-ms-vai-a-dubai-para-fortalecer-trabalho-focado-em-meta-do-carbono-neutro\/","title":{"rendered":"COP 28: Governo de MS vai a Dubai para fortalecer trabalho focado em meta do Carbono Neutro"},"content":{"rendered":"\n<p><div id=\"page\" class=\"hfeed site\"><div id=\"main\" class=\"clearfix\"><div class=\"inner-wrap clearfix\"><div id=\"primary\"><div id=\"content\" class=\"clearfix\"><article id=\"post-4261\" class=\"post-4261 post type-post status-publish format-standard has-post-thumbnail hentry category-meio-ambiente\"><div class=\"article-content clearfix\"><div class=\"entry-content clearfix\"> <p>Mato Grosso do Sul inclusivo, pr\u00f3spero, verde e digital. Os quatro  pilares da gest\u00e3o estadual passam direto pelas quest\u00f5es ambientais  locais e mundiais \u2013 e a principal delas, hoje, \u00e9 a mudan\u00e7a clim\u00e1tica.  Diante desse cen\u00e1rio e para promover um alinhamento do trabalho que  busca o reconhecido internacional do territ\u00f3rio estadual como Carbono  Neutro at\u00e9 2030, al\u00e9m de pol\u00edticas que garantam fontes de financiamento  para cumprir essa meta, o governo sul-mato-grossense participa entre  sexta (1\u00ba) e segunda-feira (4) da COP 28.<\/p> <p>Realizada em Dubai, nos Emirados \u00c0rabes Unidos, a COP 28 (Confer\u00eancia  das Partes da Conven\u00e7\u00e3o-Quadro das Na\u00e7\u00f5es Unidas para Mudan\u00e7as  Clim\u00e1ticas) re\u00fane as principais lideran\u00e7as mundiais para debater e  apontar solu\u00e7\u00f5es diante dos problemas enfrentados com as mudan\u00e7as  clim\u00e1ticas. Mato Grosso do Sul participa da discuss\u00e3o com um grupo  encabe\u00e7ado pelo secret\u00e1rio de Meio Ambiente, Desenvolvimento, Ci\u00eancia,  Tecnologia e Inova\u00e7\u00e3o (Semadesc), Jaime Verruck.<\/p> <p>\u00c9 o secret\u00e1rio de Mato Grosso do Sul quem vai representar na  sexta-feira o Estado no painel \u2018Governan\u00e7a Multin\u00edvel para o  Fortalecimento da Integra\u00e7\u00e3o Clim\u00e1tica Nacional\u2019. Organizada pela Abema,  a discuss\u00e3o ter\u00e1 como moderadora a gerente geral de Mudan\u00e7as Clim\u00e1ticas  da Secretaria de Meio Ambiente e Sustentabilidade de Fernando de  Noronha, Samanta Della Bella.<\/p> <p>Ao lado do titular sul-mato-grossense estar\u00e3o ainda o vice-governador  carioca Thiago Pampolha Gon\u00e7alves, o secret\u00e1rio de Meio Ambiente  capixaba, Felipe Rigoni Lopes, o subsecret\u00e1rio de Meio Ambiente  paulista, J\u00f4natas de Souza Trindade, e o diretor-presidente do Instituto  de Desenvolvimento Sustent\u00e1vel e Meio Ambiente potiguar, Wener Farkatt  Tabosa.<\/p> <p>Verruck ainda vai moderar no s\u00e1bado (2) o painel \u2018Financiamento  Clim\u00e1tico: Mecanismos e oportunidades\u2019, organizado pela ICLEI  (Associa\u00e7\u00e3o Mundial de Governos Locais e Subnacionais Dedicados ao  Desenvolvimento Sustent\u00e1vel), juntamente com o Cons\u00f3rcio Brasil Verde.<\/p> <p>Neste evento, participam como debatedores o governadores de  Tocantins, Wanderlei Barbosa, e do Esp\u00edrito Santo, Renato Casagrande, e o  presidente do Earth Innovation, Daniel Nepstad. Completam a lista o  diretor-executivo de Rela\u00e7\u00f5es Corporativas e Bens de Consumo da Suzano,  Lu\u00eds Bueno, e o diretor de Solu\u00e7\u00f5es Clim\u00e1ticas Naturais e Bioenergia da  Mercuria no Brasil, Celso Fiori. No fim do dia, a equipe de Mato Grosso  do Sul participa do Encontro Governadores pelo Clima, no Pavilh\u00e3o do Hub  Brasil.<\/p> <p>J\u00e1 segunda-feira, Jaime Verruck ser\u00e1 um dos debatedores do painel  \u2018Financiamento Clim\u00e1tico e Mercado de Carbono: Oportunidades e Desafios  nos Estados Brasileiros\u2019, organizado pelo Cons\u00f3rcio Brasil Verde no  Pavilh\u00e3o do Hub Brasil, do MMA em Dubai.<\/p> <p>Participam ao lado do titular da Semadesc dessa mesa redonda Renato  Casagrande, Thiago Pampolha Gon\u00e7alves, o vice-governador de Minas  Gerais, Mateus Sim\u00f5es de Almeida, e a senadora e relatora do PL do  Mercado de Carbono, Leila Barros. No mesmo dia, haver\u00e1 uma visita \u00e0  f\u00e1brica da BRF na Zona Industrial (Kezad) em Khalifa.<\/p> <p><strong>Comitiva de MS<\/strong><\/p> <p>Al\u00e9m de Verruck, tamb\u00e9m comp\u00f5em a comitiva o diretor-presidente do  Imasul, Andr\u00e9 Borges, o secret\u00e1rio executivo de Meio Ambiente, Artur  Falcette, o coordenador de Regula\u00e7\u00e3o, Normas e Negocia\u00e7\u00f5es  Socioambientais, Pedro Mendes Neto, e a assessora internacional do  Escrit\u00f3rio de Rela\u00e7\u00f5es Institucionais e Pol\u00edticas do Mato Grosso do Sul  no Distrito Federal, Tha\u00eds Bittar.<\/p> <p>Acompanha esse grupo na miss\u00e3o ao Oriente M\u00e9dio o presidente da  Aprosoja, Andr\u00e9 Dobashi. Os integrantes devem permanecer em Dubai at\u00e9 4  de dezembro, onde participam de pain\u00e9is e outras agendas e atividades  organizadas pelo MRE (Minist\u00e9rio das Rela\u00e7\u00f5es Exteriores), pelo MMA  (Minist\u00e9rio do Meio Ambiente) e pelo Cons\u00f3rcio Brasil Verde.<\/p> <p><strong><em>Comunica\u00e7\u00e3o Governo de MS<\/em><em>*com informa\u00e7\u00e3o da Semadesc<\/em><\/strong><\/p> <\/div><\/div><\/article><\/div><\/div><\/div><\/div><\/div><\/p>\n","protected":false},"excerpt":{"rendered":"<p>Mato Grosso do Sul inclusivo, pr\u00f3spero, verde e digital. Os quatro pilares da gest\u00e3o estadual passam direto pelas quest\u00f5es ambientais<\/p>\n","protected":false},"author":1,"featured_media":3912,"comment_status":"open","ping_status":"open","sticky":false,"template":"","format":"standard","meta":{"footnotes":""},"categories":[2],"tags":[],"class_list":["post-3911","post","type-post","status-publish","format-standard","has-post-thumbnail","hentry","category-noticias"],"_links":{"self":[{"href":"https:\/\/jornaloalvorada.com.br\/site\/wp-json\/wp\/v2\/posts\/3911","targetHints":{"allow":["GET"]}}],"collection":[{"href":"https:\/\/jornaloalvorada.com.br\/site\/wp-json\/wp\/v2\/posts"}],"about":[{"href":"https:\/\/jornaloalvorada.com.br\/site\/wp-json\/wp\/v2\/types\/post"}],"author":[{"embeddable":true,"href":"https:\/\/jornaloalvorada.com.br\/site\/wp-json\/wp\/v2\/users\/1"}],"replies":[{"embeddable":true,"href":"https:\/\/jornaloalvorada.com.br\/site\/wp-json\/wp\/v2\/comments?post=3911"}],"version-history":[{"count":1,"href":"https:\/\/jornaloalvorada.com.br\/site\/wp-json\/wp\/v2\/posts\/3911\/revisions"}],"predecessor-version":[{"id":3913,"href":"https:\/\/jornaloalvorada.com.br\/site\/wp-json\/wp\/v2\/posts\/3911\/revisions\/3913"}],"wp:featuredmedia":[{"embeddable":true,"href":"https:\/\/jornaloalvorada.com.br\/site\/wp-json\/wp\/v2\/media\/3912"}],"wp:attachment":[{"href":"https:\/\/jornaloalvorada.com.br\/site\/wp-json\/wp\/v2\/media?parent=3911"}],"wp:term":[{"taxonomy":"category","embeddable":true,"href":"https:\/\/jornaloalvorada.com.br\/site\/wp-json\/wp\/v2\/categories?post=3911"},{"taxonomy":"post_tag","embeddable":true,"href":"https:\/\/jornaloalvorada.com.br\/site\/wp-json\/wp\/v2\/tags?post=3911"}],"curies":[{"name":"wp","href":"https:\/\/api.w.org\/{rel}","templated":true}]}}