{"id":3908,"date":"2023-12-01T09:32:25","date_gmt":"2023-12-01T13:32:25","guid":{"rendered":"https:\/\/jornaloalvorada.com.br\/site\/?p=3908"},"modified":"2023-12-01T09:32:28","modified_gmt":"2023-12-01T13:32:28","slug":"prefeito-paleari-se-reune-com-a-defesa-civil-do-estado-para-discutir-demandas-relacionadas-as-fortes-chuvas-na-regiao","status":"publish","type":"post","link":"https:\/\/jornaloalvorada.com.br\/site\/2023\/12\/01\/prefeito-paleari-se-reune-com-a-defesa-civil-do-estado-para-discutir-demandas-relacionadas-as-fortes-chuvas-na-regiao\/","title":{"rendered":"Prefeito Paleari se re\u00fane com a Defesa Civil do estado para discutir demandas relacionadas as fortes chuvas na regi\u00e3o"},"content":{"rendered":"\n<p>Prefeito de Nova Alvorada do Sul, Jos\u00e9 Paulo Palearia <span class=\"x193iq5w xeuugli x13faqbe x1vvkbs x1xmvt09 x1lliihq x1s928wv xhkezso x1gmr53x x1cpjm7i x1fgarty x1943h6x xudqn12 x3x7a5m x6prxxf xvq8zen xo1l8bm xzsf02u x1yc453h\" dir=\"auto\">estive reunido com a Defesa Civil do estado, na pauta discutiram demandas relacionadas a fortes chuvas que est\u00e3o atingindo o munic\u00edpio e toda a regi\u00e3o. Durante a reuni\u00e3o a Defesa Civil passou orienta\u00e7\u00f5es e informa\u00e7\u00f5es importantes sobre essa tempestade que passou pelo munic\u00edpio. Os danos causados pelo temporal foram significativos. Foram registradas mais de 30 quedas de \u00e1rvores, que danificaram resid\u00eancias, ve\u00edculos e com\u00e9rcios.<\/span><\/p>\n","protected":false},"excerpt":{"rendered":"<p>Prefeito de Nova Alvorada do Sul, Jos\u00e9 Paulo Palearia estive reunido com a Defesa Civil do estado, na pauta discutiram<\/p>\n","protected":false},"author":1,"featured_media":3909,"comment_status":"open","ping_status":"open","sticky":false,"template":"","format":"standard","meta":{"footnotes":""},"categories":[2],"tags":[],"class_list":["post-3908","post","type-post","status-publish","format-standard","has-post-thumbnail","hentry","category-noticias"],"_links":{"self":[{"href":"https:\/\/jornaloalvorada.com.br\/site\/wp-json\/wp\/v2\/posts\/3908","targetHints":{"allow":["GET"]}}],"collection":[{"href":"https:\/\/jornaloalvorada.com.br\/site\/wp-json\/wp\/v2\/posts"}],"about":[{"href":"https:\/\/jornaloalvorada.com.br\/site\/wp-json\/wp\/v2\/types\/post"}],"author":[{"embeddable":true,"href":"https:\/\/jornaloalvorada.com.br\/site\/wp-json\/wp\/v2\/users\/1"}],"replies":[{"embeddable":true,"href":"https:\/\/jornaloalvorada.com.br\/site\/wp-json\/wp\/v2\/comments?post=3908"}],"version-history":[{"count":1,"href":"https:\/\/jornaloalvorada.com.br\/site\/wp-json\/wp\/v2\/posts\/3908\/revisions"}],"predecessor-version":[{"id":3910,"href":"https:\/\/jornaloalvorada.com.br\/site\/wp-json\/wp\/v2\/posts\/3908\/revisions\/3910"}],"wp:featuredmedia":[{"embeddable":true,"href":"https:\/\/jornaloalvorada.com.br\/site\/wp-json\/wp\/v2\/media\/3909"}],"wp:attachment":[{"href":"https:\/\/jornaloalvorada.com.br\/site\/wp-json\/wp\/v2\/media?parent=3908"}],"wp:term":[{"taxonomy":"category","embeddable":true,"href":"https:\/\/jornaloalvorada.com.br\/site\/wp-json\/wp\/v2\/categories?post=3908"},{"taxonomy":"post_tag","embeddable":true,"href":"https:\/\/jornaloalvorada.com.br\/site\/wp-json\/wp\/v2\/tags?post=3908"}],"curies":[{"name":"wp","href":"https:\/\/api.w.org\/{rel}","templated":true}]}}