{"id":3884,"date":"2023-11-29T15:38:40","date_gmt":"2023-11-29T19:38:40","guid":{"rendered":"https:\/\/jornaloalvorada.com.br\/site\/?p=3884"},"modified":"2023-11-29T15:38:42","modified_gmt":"2023-11-29T19:38:42","slug":"vem-pra-feira","status":"publish","type":"post","link":"https:\/\/jornaloalvorada.com.br\/site\/2023\/11\/29\/vem-pra-feira\/","title":{"rendered":"Vem pra feira!!!"},"content":{"rendered":"\n<p>S\u00e1bado \u00e9 dia de feira e de apresenta\u00e7\u00e3o da Banda furiosa e Orquestra de Cordas &#8211; Delfina.<\/p>\n\n\n\n<p>Data: 02:12\/2023 &#8211; S\u00e1bado<\/p>\n\n\n\n<p>Hor\u00e1rio: 18h<\/p>\n\n\n\n<p>Local: Feira Municipal Antenor Ferreira Maciel<\/p>\n\n\n\n<figure class=\"wp-block-image size-large\"><img loading=\"lazy\" decoding=\"async\" width=\"576\" height=\"1024\" src=\"https:\/\/jornaloalvorada.com.br\/site\/wp-content\/uploads\/2023\/11\/feira-576x1024.jpg\" alt=\"\" class=\"wp-image-3886\" srcset=\"https:\/\/jornaloalvorada.com.br\/site\/wp-content\/uploads\/2023\/11\/feira-576x1024.jpg 576w, https:\/\/jornaloalvorada.com.br\/site\/wp-content\/uploads\/2023\/11\/feira-169x300.jpg 169w, https:\/\/jornaloalvorada.com.br\/site\/wp-content\/uploads\/2023\/11\/feira-768x1366.jpg 768w, https:\/\/jornaloalvorada.com.br\/site\/wp-content\/uploads\/2023\/11\/feira-864x1536.jpg 864w, https:\/\/jornaloalvorada.com.br\/site\/wp-content\/uploads\/2023\/11\/feira.jpg 899w\" sizes=\"auto, (max-width: 576px) 100vw, 576px\" \/><\/figure>\n","protected":false},"excerpt":{"rendered":"<p>S\u00e1bado \u00e9 dia de feira e de apresenta\u00e7\u00e3o da Banda furiosa e Orquestra de Cordas &#8211; Delfina. Data: 02:12\/2023 &#8211;<\/p>\n","protected":false},"author":1,"featured_media":3885,"comment_status":"open","ping_status":"open","sticky":false,"template":"","format":"standard","meta":{"footnotes":""},"categories":[3],"tags":[],"class_list":["post-3884","post","type-post","status-publish","format-standard","has-post-thumbnail","hentry","category-social"],"_links":{"self":[{"href":"https:\/\/jornaloalvorada.com.br\/site\/wp-json\/wp\/v2\/posts\/3884","targetHints":{"allow":["GET"]}}],"collection":[{"href":"https:\/\/jornaloalvorada.com.br\/site\/wp-json\/wp\/v2\/posts"}],"about":[{"href":"https:\/\/jornaloalvorada.com.br\/site\/wp-json\/wp\/v2\/types\/post"}],"author":[{"embeddable":true,"href":"https:\/\/jornaloalvorada.com.br\/site\/wp-json\/wp\/v2\/users\/1"}],"replies":[{"embeddable":true,"href":"https:\/\/jornaloalvorada.com.br\/site\/wp-json\/wp\/v2\/comments?post=3884"}],"version-history":[{"count":1,"href":"https:\/\/jornaloalvorada.com.br\/site\/wp-json\/wp\/v2\/posts\/3884\/revisions"}],"predecessor-version":[{"id":3887,"href":"https:\/\/jornaloalvorada.com.br\/site\/wp-json\/wp\/v2\/posts\/3884\/revisions\/3887"}],"wp:featuredmedia":[{"embeddable":true,"href":"https:\/\/jornaloalvorada.com.br\/site\/wp-json\/wp\/v2\/media\/3885"}],"wp:attachment":[{"href":"https:\/\/jornaloalvorada.com.br\/site\/wp-json\/wp\/v2\/media?parent=3884"}],"wp:term":[{"taxonomy":"category","embeddable":true,"href":"https:\/\/jornaloalvorada.com.br\/site\/wp-json\/wp\/v2\/categories?post=3884"},{"taxonomy":"post_tag","embeddable":true,"href":"https:\/\/jornaloalvorada.com.br\/site\/wp-json\/wp\/v2\/tags?post=3884"}],"curies":[{"name":"wp","href":"https:\/\/api.w.org\/{rel}","templated":true}]}}