{"id":3872,"date":"2023-11-29T14:14:43","date_gmt":"2023-11-29T18:14:43","guid":{"rendered":"https:\/\/jornaloalvorada.com.br\/site\/?p=3872"},"modified":"2023-11-29T14:16:02","modified_gmt":"2023-11-29T18:16:02","slug":"caminhada-familia-acolhedora-sensibiliza-a-populacao-sobre-a-importancia-do-acolhimento-familiar-em-nova-alvorada-do-sul","status":"publish","type":"post","link":"https:\/\/jornaloalvorada.com.br\/site\/2023\/11\/29\/caminhada-familia-acolhedora-sensibiliza-a-populacao-sobre-a-importancia-do-acolhimento-familiar-em-nova-alvorada-do-sul\/","title":{"rendered":"Caminhada Fam\u00edlia Acolhedora sensibiliza a popula\u00e7\u00e3o sobre a import\u00e2ncia do acolhimento familiar em Nova Alvorada do Sul"},"content":{"rendered":"\n<p>A Prefeitura Municipal de Nova Alvorada do Sul, por meio da Secretaria Municipal de Assist\u00eancia Social, promoveu a Caminhada Fam\u00edlia Acolhedora, na manh\u00e3 desta ter\u00e7a-feira (28).<\/p>\n\n\n\n<p>A a\u00e7\u00e3o teve in\u00edcio na Pra\u00e7a Darlan Coelho e foi organizada pela Secretaria Municipal de Assist\u00eancia Social, em parceria com o Judici\u00e1rio, a Pol\u00edcia Civil e a Pol\u00edcia Militar, com o apoio do Demutran.<\/p>\n\n\n\n<p>A caminhada contou com a participa\u00e7\u00e3o de servidores, autoridades e representantes da sociedade civil.O objetivo da caminhada foi sensibilizar a sociedade sobre a import\u00e2ncia do acolhimento familiar como uma forma de proteger crian\u00e7as e adolescentes que est\u00e3o afastados de suas fam\u00edlias biol\u00f3gicas.<\/p>\n\n\n\n<figure class=\"wp-block-image size-large\"><img loading=\"lazy\" decoding=\"async\" width=\"1024\" height=\"543\" src=\"https:\/\/jornaloalvorada.com.br\/site\/wp-content\/uploads\/2023\/11\/image-11-1024x543.png\" alt=\"\" class=\"wp-image-3876\" srcset=\"https:\/\/jornaloalvorada.com.br\/site\/wp-content\/uploads\/2023\/11\/image-11-1024x543.png 1024w, https:\/\/jornaloalvorada.com.br\/site\/wp-content\/uploads\/2023\/11\/image-11-300x159.png 300w, https:\/\/jornaloalvorada.com.br\/site\/wp-content\/uploads\/2023\/11\/image-11-768x407.png 768w, https:\/\/jornaloalvorada.com.br\/site\/wp-content\/uploads\/2023\/11\/image-11.png 1117w\" sizes=\"auto, (max-width: 1024px) 100vw, 1024px\" \/><\/figure>\n\n\n\n<p>O acolhimento familiar \u00e9 uma modalidade de prote\u00e7\u00e3o social que consiste em acolher crian\u00e7as e adolescentes em fam\u00edlias cadastradas e capacitadas para isso.<\/p>\n\n\n\n<p>As fam\u00edlias acolhedoras s\u00e3o selecionadas e acompanhadas por equipes t\u00e9cnicas da rede de prote\u00e7\u00e3o social.<\/p>\n\n\n\n<p>O acolhimento familiar \u00e9 uma alternativa \u00e0 institucionaliza\u00e7\u00e3o, que \u00e9 a coloca\u00e7\u00e3o de crian\u00e7as e adolescentes em abrigos.<\/p>\n\n\n\n<p>A caminhada Fam\u00edlia Acolhedora foi uma oportunidade para divulgar o acolhimento familiar e conscientizar a sociedade sobre a import\u00e2ncia dessa modalidade de prote\u00e7\u00e3o social.<\/p>\n","protected":false},"excerpt":{"rendered":"<p>A Prefeitura Municipal de Nova Alvorada do Sul, por meio da Secretaria Municipal de Assist\u00eancia Social, promoveu a Caminhada Fam\u00edlia<\/p>\n","protected":false},"author":1,"featured_media":3873,"comment_status":"open","ping_status":"open","sticky":false,"template":"","format":"standard","meta":{"footnotes":""},"categories":[2],"tags":[],"class_list":["post-3872","post","type-post","status-publish","format-standard","has-post-thumbnail","hentry","category-noticias"],"_links":{"self":[{"href":"https:\/\/jornaloalvorada.com.br\/site\/wp-json\/wp\/v2\/posts\/3872","targetHints":{"allow":["GET"]}}],"collection":[{"href":"https:\/\/jornaloalvorada.com.br\/site\/wp-json\/wp\/v2\/posts"}],"about":[{"href":"https:\/\/jornaloalvorada.com.br\/site\/wp-json\/wp\/v2\/types\/post"}],"author":[{"embeddable":true,"href":"https:\/\/jornaloalvorada.com.br\/site\/wp-json\/wp\/v2\/users\/1"}],"replies":[{"embeddable":true,"href":"https:\/\/jornaloalvorada.com.br\/site\/wp-json\/wp\/v2\/comments?post=3872"}],"version-history":[{"count":2,"href":"https:\/\/jornaloalvorada.com.br\/site\/wp-json\/wp\/v2\/posts\/3872\/revisions"}],"predecessor-version":[{"id":3877,"href":"https:\/\/jornaloalvorada.com.br\/site\/wp-json\/wp\/v2\/posts\/3872\/revisions\/3877"}],"wp:featuredmedia":[{"embeddable":true,"href":"https:\/\/jornaloalvorada.com.br\/site\/wp-json\/wp\/v2\/media\/3873"}],"wp:attachment":[{"href":"https:\/\/jornaloalvorada.com.br\/site\/wp-json\/wp\/v2\/media?parent=3872"}],"wp:term":[{"taxonomy":"category","embeddable":true,"href":"https:\/\/jornaloalvorada.com.br\/site\/wp-json\/wp\/v2\/categories?post=3872"},{"taxonomy":"post_tag","embeddable":true,"href":"https:\/\/jornaloalvorada.com.br\/site\/wp-json\/wp\/v2\/tags?post=3872"}],"curies":[{"name":"wp","href":"https:\/\/api.w.org\/{rel}","templated":true}]}}