{"id":3866,"date":"2023-11-29T09:03:08","date_gmt":"2023-11-29T13:03:08","guid":{"rendered":"https:\/\/jornaloalvorada.com.br\/site\/?p=3866"},"modified":"2023-11-29T09:03:11","modified_gmt":"2023-11-29T13:03:11","slug":"covid-19-registra-995-novos-casos-na-ultima-semana-em-ms-com-sete-obitos-confirmados","status":"publish","type":"post","link":"https:\/\/jornaloalvorada.com.br\/site\/2023\/11\/29\/covid-19-registra-995-novos-casos-na-ultima-semana-em-ms-com-sete-obitos-confirmados\/","title":{"rendered":"Covid-19 registra 995 novos casos na \u00faltima semana em MS, com sete \u00f3bitos confirmados"},"content":{"rendered":"\n<p><div id=\"page\" class=\"hfeed site\"><div id=\"main\" class=\"clearfix\"><div class=\"inner-wrap clearfix\"><div id=\"primary\"><div id=\"content\" class=\"clearfix\"><article id=\"post-4229\" class=\"post-4229 post type-post status-publish format-standard has-post-thumbnail hentry category-ciencia-e-saude\"><div class=\"article-content clearfix\"><div class=\"entry-content clearfix\"> <p>Na \u00faltima semana, 995 novos casos de covid-19 foram registrados em  Mato Grosso do Sul. Al\u00e9m dos casos de contamina\u00e7\u00e3o, houve ainda sete  \u00f3bitos devido \u00e0 doen\u00e7a. Estes dados foram apresentados no boletim  epidemiol\u00f3gico divulgado pela SES (Secretaria de Estado de Sa\u00fade) nesta  ter\u00e7a-feira (28).<\/p> <p>De acordo com o boletim, 49 munic\u00edpios do estado registraram novos  casos de contamina\u00e7\u00e3o pelo coronav\u00edrus nos \u00faltimos sete dias. Campo  Grande foi respons\u00e1vel pela maior parte das ocorr\u00eancias, com 340  notifica\u00e7\u00f5es.<\/p> <p>A capital \u00e9 seguida por Ponta Por\u00e3 (52), Amambai (41), Dourados (39),  Maracaju (33), Sete Quedas (33), Anauril\u00e2ndia (32), Bela Vista (30),  Nova Andradina (28), Itaquira\u00ed (27) e Tr\u00eas Lagoas (26).<\/p> <p>Brasil\u00e2ndia, Aparecida do Taboado, Ivinhema, Chapad\u00e3o do Sul, F\u00e1tima  do Sul, Iguatemi, Rio Negro, Bataypor\u00e3, Corguinho, Itapor\u00e3, Deod\u00e1polis,  Rio Verde de Mato Grosso, Mundo Novo e Nova Alvorada do Sul apresentaram  entre 23 e 10 casos. Os demais munic\u00edpios registraram entre 1 e 9  ocorr\u00eancias.<\/p> <p>Na \u00faltima semana, 7 \u00f3bitos foram registrados devido \u00e0 doen\u00e7a no  estado. Entre as v\u00edtimas, apenas 2 delas n\u00e3o possu\u00edam comorbidades  relatadas. A orienta\u00e7\u00e3o das autoridades \u00e9 que as pessoas mantenham a  vacina\u00e7\u00e3o em dia e completem o ciclo de imuniza\u00e7\u00e3o contra a covid-19.<\/p> <p><em>Heloisa Duim, Programa de Est\u00e1gio Supervisionado<\/em><em>Foto: Edemir Rodrigues\/Arquivo<\/em><\/p> <\/div><\/div><\/article><\/div><\/div><\/div><\/div><\/div><\/p>\n","protected":false},"excerpt":{"rendered":"<p>Na \u00faltima semana, 995 novos casos de covid-19 foram registrados em Mato Grosso do Sul. Al\u00e9m dos casos de contamina\u00e7\u00e3o,<\/p>\n","protected":false},"author":1,"featured_media":3867,"comment_status":"open","ping_status":"open","sticky":false,"template":"","format":"standard","meta":{"footnotes":""},"categories":[2],"tags":[],"class_list":["post-3866","post","type-post","status-publish","format-standard","has-post-thumbnail","hentry","category-noticias"],"_links":{"self":[{"href":"https:\/\/jornaloalvorada.com.br\/site\/wp-json\/wp\/v2\/posts\/3866","targetHints":{"allow":["GET"]}}],"collection":[{"href":"https:\/\/jornaloalvorada.com.br\/site\/wp-json\/wp\/v2\/posts"}],"about":[{"href":"https:\/\/jornaloalvorada.com.br\/site\/wp-json\/wp\/v2\/types\/post"}],"author":[{"embeddable":true,"href":"https:\/\/jornaloalvorada.com.br\/site\/wp-json\/wp\/v2\/users\/1"}],"replies":[{"embeddable":true,"href":"https:\/\/jornaloalvorada.com.br\/site\/wp-json\/wp\/v2\/comments?post=3866"}],"version-history":[{"count":1,"href":"https:\/\/jornaloalvorada.com.br\/site\/wp-json\/wp\/v2\/posts\/3866\/revisions"}],"predecessor-version":[{"id":3868,"href":"https:\/\/jornaloalvorada.com.br\/site\/wp-json\/wp\/v2\/posts\/3866\/revisions\/3868"}],"wp:featuredmedia":[{"embeddable":true,"href":"https:\/\/jornaloalvorada.com.br\/site\/wp-json\/wp\/v2\/media\/3867"}],"wp:attachment":[{"href":"https:\/\/jornaloalvorada.com.br\/site\/wp-json\/wp\/v2\/media?parent=3866"}],"wp:term":[{"taxonomy":"category","embeddable":true,"href":"https:\/\/jornaloalvorada.com.br\/site\/wp-json\/wp\/v2\/categories?post=3866"},{"taxonomy":"post_tag","embeddable":true,"href":"https:\/\/jornaloalvorada.com.br\/site\/wp-json\/wp\/v2\/tags?post=3866"}],"curies":[{"name":"wp","href":"https:\/\/api.w.org\/{rel}","templated":true}]}}