{"id":3857,"date":"2023-11-28T14:27:15","date_gmt":"2023-11-28T18:27:15","guid":{"rendered":"https:\/\/jornaloalvorada.com.br\/site\/?p=3857"},"modified":"2023-11-28T14:27:18","modified_gmt":"2023-11-28T18:27:18","slug":"mulheres-passam-a-ter-direito-a-acompanhante-em-atendimento-de-saude","status":"publish","type":"post","link":"https:\/\/jornaloalvorada.com.br\/site\/2023\/11\/28\/mulheres-passam-a-ter-direito-a-acompanhante-em-atendimento-de-saude\/","title":{"rendered":"Mulheres passam a ter direito a acompanhante em atendimento de sa\u00fade"},"content":{"rendered":"\n<p>Todas as mulheres agora t\u00eam direito a um acompanhante maior de idade, sem que haja necessidade de aviso pr\u00e9vio, durante as consultas m\u00e9dicas, exames e procedimentos realizados em unidades p\u00fablicas e privadas de sa\u00fade. O direito foi ampliado pela lei 14.737\/2023, publicada nesta ter\u00e7a-feira, no Di\u00e1rio Oficial da Uni\u00e3o.<\/p>\n\n\n\n<p>A nova legisla\u00e7\u00e3o altera a Lei Org\u00e2nica da Sa\u00fade (8.080\/1990) e determina ainda que \u2013 em casos de procedimento com seda\u00e7\u00e3o que a mulher n\u00e3o aponte um acompanhante \u2013 a unidade de sa\u00fade ser\u00e1 respons\u00e1vel por indicar uma pessoa para estar presente durante o atendimento. A ren\u00fancia do direito dever\u00e1 ainda ser assinada pela paciente, com um m\u00ednimo de 24 horas de anteced\u00eancia.<br>Informa\u00e7\u00e3o<\/p>\n\n\n\n<p>As mulheres tamb\u00e9m devem ser informadas sobre esse direito tanto nas consultas que antecedam procedimentos com seda\u00e7\u00e3o, quanto por meio de avisos fixados nas depend\u00eancias dos estabelecimentos de sa\u00fade.<\/p>\n\n\n\n<p>Para centros cir\u00fargicos e unidade de terapia intensiva em que haja restri\u00e7\u00e3o por motivos de seguran\u00e7a \u00e0 sa\u00fade dos pacientes, o acompanhante dever\u00e1 ser um profissional de sa\u00fade.<\/p>\n\n\n\n<p>O direito de acompanhamento da mulher s\u00f3 poder\u00e1 ser sobreposto nos casos de urg\u00eancia e emerg\u00eancia, pela defesa da sa\u00fade e da vida. Isso s\u00f3 poder\u00e1 acontecer quando a paciente chegar desacompanhada \u00e0 unidade de atendimento.<\/p>\n\n\n\n<p>Antes, a Lei Org\u00e2nica da Sa\u00fade garantia o direito a acompanhamento somente nos casos de parto ou para pessoas com defici\u00eancia. E esse direito alcan\u00e7ava apenas o servi\u00e7o p\u00fablico de sa\u00fade.<\/p>\n\n\n\n<p><strong><em>Fonte: Ag\u00eancia Brasil<\/em><\/strong><\/p>\n","protected":false},"excerpt":{"rendered":"<p>Todas as mulheres agora t\u00eam direito a um acompanhante maior de idade, sem que haja necessidade de aviso pr\u00e9vio, durante<\/p>\n","protected":false},"author":1,"featured_media":3858,"comment_status":"open","ping_status":"open","sticky":false,"template":"","format":"standard","meta":{"footnotes":""},"categories":[2],"tags":[],"class_list":["post-3857","post","type-post","status-publish","format-standard","has-post-thumbnail","hentry","category-noticias"],"_links":{"self":[{"href":"https:\/\/jornaloalvorada.com.br\/site\/wp-json\/wp\/v2\/posts\/3857","targetHints":{"allow":["GET"]}}],"collection":[{"href":"https:\/\/jornaloalvorada.com.br\/site\/wp-json\/wp\/v2\/posts"}],"about":[{"href":"https:\/\/jornaloalvorada.com.br\/site\/wp-json\/wp\/v2\/types\/post"}],"author":[{"embeddable":true,"href":"https:\/\/jornaloalvorada.com.br\/site\/wp-json\/wp\/v2\/users\/1"}],"replies":[{"embeddable":true,"href":"https:\/\/jornaloalvorada.com.br\/site\/wp-json\/wp\/v2\/comments?post=3857"}],"version-history":[{"count":1,"href":"https:\/\/jornaloalvorada.com.br\/site\/wp-json\/wp\/v2\/posts\/3857\/revisions"}],"predecessor-version":[{"id":3859,"href":"https:\/\/jornaloalvorada.com.br\/site\/wp-json\/wp\/v2\/posts\/3857\/revisions\/3859"}],"wp:featuredmedia":[{"embeddable":true,"href":"https:\/\/jornaloalvorada.com.br\/site\/wp-json\/wp\/v2\/media\/3858"}],"wp:attachment":[{"href":"https:\/\/jornaloalvorada.com.br\/site\/wp-json\/wp\/v2\/media?parent=3857"}],"wp:term":[{"taxonomy":"category","embeddable":true,"href":"https:\/\/jornaloalvorada.com.br\/site\/wp-json\/wp\/v2\/categories?post=3857"},{"taxonomy":"post_tag","embeddable":true,"href":"https:\/\/jornaloalvorada.com.br\/site\/wp-json\/wp\/v2\/tags?post=3857"}],"curies":[{"name":"wp","href":"https:\/\/api.w.org\/{rel}","templated":true}]}}