{"id":3840,"date":"2023-11-27T11:46:00","date_gmt":"2023-11-27T15:46:00","guid":{"rendered":"https:\/\/jornaloalvorada.com.br\/site\/?p=3840"},"modified":"2023-11-27T11:46:03","modified_gmt":"2023-11-27T15:46:03","slug":"aniversario-de-maria-iris-nardi-da-costa","status":"publish","type":"post","link":"https:\/\/jornaloalvorada.com.br\/site\/2023\/11\/27\/aniversario-de-maria-iris-nardi-da-costa\/","title":{"rendered":"Anivers\u00e1rio de Maria \u00cdris Nardi da Costa"},"content":{"rendered":"\n<p>NIVER_COMPLETANDO NESTA SEGUNDA-FEIRA 27\/11 QUATRO(04) ANINHOS A LINDA MARIA IRIS NARDI DA COSTA! PARAB\u00c9NS! FELICIDADES! PAPAI DO C\u00c9U LHE ABEN\u00c7OE PODEROSAMENTE!<\/p>\n\n\n\n<figure class=\"wp-block-image size-large\"><img loading=\"lazy\" decoding=\"async\" width=\"768\" height=\"1024\" src=\"https:\/\/jornaloalvorada.com.br\/site\/wp-content\/uploads\/2023\/11\/social-3-768x1024.jpeg\" alt=\"\" class=\"wp-image-3842\" srcset=\"https:\/\/jornaloalvorada.com.br\/site\/wp-content\/uploads\/2023\/11\/social-3-768x1024.jpeg 768w, https:\/\/jornaloalvorada.com.br\/site\/wp-content\/uploads\/2023\/11\/social-3-225x300.jpeg 225w, https:\/\/jornaloalvorada.com.br\/site\/wp-content\/uploads\/2023\/11\/social-3.jpeg 1080w\" sizes=\"auto, (max-width: 768px) 100vw, 768px\" \/><\/figure>\n","protected":false},"excerpt":{"rendered":"<p>NIVER_COMPLETANDO NESTA SEGUNDA-FEIRA 27\/11 QUATRO(04) ANINHOS A LINDA MARIA IRIS NARDI DA COSTA! PARAB\u00c9NS! FELICIDADES! PAPAI DO C\u00c9U LHE ABEN\u00c7OE<\/p>\n","protected":false},"author":1,"featured_media":3841,"comment_status":"open","ping_status":"open","sticky":false,"template":"","format":"standard","meta":{"footnotes":""},"categories":[3],"tags":[],"class_list":["post-3840","post","type-post","status-publish","format-standard","has-post-thumbnail","hentry","category-social"],"_links":{"self":[{"href":"https:\/\/jornaloalvorada.com.br\/site\/wp-json\/wp\/v2\/posts\/3840","targetHints":{"allow":["GET"]}}],"collection":[{"href":"https:\/\/jornaloalvorada.com.br\/site\/wp-json\/wp\/v2\/posts"}],"about":[{"href":"https:\/\/jornaloalvorada.com.br\/site\/wp-json\/wp\/v2\/types\/post"}],"author":[{"embeddable":true,"href":"https:\/\/jornaloalvorada.com.br\/site\/wp-json\/wp\/v2\/users\/1"}],"replies":[{"embeddable":true,"href":"https:\/\/jornaloalvorada.com.br\/site\/wp-json\/wp\/v2\/comments?post=3840"}],"version-history":[{"count":1,"href":"https:\/\/jornaloalvorada.com.br\/site\/wp-json\/wp\/v2\/posts\/3840\/revisions"}],"predecessor-version":[{"id":3843,"href":"https:\/\/jornaloalvorada.com.br\/site\/wp-json\/wp\/v2\/posts\/3840\/revisions\/3843"}],"wp:featuredmedia":[{"embeddable":true,"href":"https:\/\/jornaloalvorada.com.br\/site\/wp-json\/wp\/v2\/media\/3841"}],"wp:attachment":[{"href":"https:\/\/jornaloalvorada.com.br\/site\/wp-json\/wp\/v2\/media?parent=3840"}],"wp:term":[{"taxonomy":"category","embeddable":true,"href":"https:\/\/jornaloalvorada.com.br\/site\/wp-json\/wp\/v2\/categories?post=3840"},{"taxonomy":"post_tag","embeddable":true,"href":"https:\/\/jornaloalvorada.com.br\/site\/wp-json\/wp\/v2\/tags?post=3840"}],"curies":[{"name":"wp","href":"https:\/\/api.w.org\/{rel}","templated":true}]}}