{"id":3822,"date":"2023-11-27T08:49:42","date_gmt":"2023-11-27T12:49:42","guid":{"rendered":"https:\/\/jornaloalvorada.com.br\/site\/?p=3822"},"modified":"2023-11-27T08:49:44","modified_gmt":"2023-11-27T12:49:44","slug":"juiza-ignora-stf-e-envia-ao-tj-acao-contra-presidente-da-assembleia-pelo-desvio-de-r-74-mi","status":"publish","type":"post","link":"https:\/\/jornaloalvorada.com.br\/site\/2023\/11\/27\/juiza-ignora-stf-e-envia-ao-tj-acao-contra-presidente-da-assembleia-pelo-desvio-de-r-74-mi\/","title":{"rendered":"Ju\u00edza ignora STF e envia ao TJ a\u00e7\u00e3o contra presidente da Assembleia pelo desvio de R$ 7,4 mi"},"content":{"rendered":"\n<p><div class=\"main-wrap\"><div class=\"main ts-contain cf right-sidebar\"><div class=\"ts-row has-s-large-bot\"><div class=\"col-8 main-content\"><div class=\"the-post s-post-large\"><article id=\"post-66180\" class=\"post-66180 post type-post status-publish format-standard has-post-thumbnail category-ms tag-3a-vara-criminal-de-campo-grande tag-capa tag-corrupcao tag-desvio-milionario-no-detran-ms tag-gerson-claro tag-juiza-eucelia-moreira-cassal tag-operacao-antivirus tag-orgao-especial-do-tjms\"><div class=\"post-content-wrap has-share-float has-share-float-in\"><div class=\"post-content cf entry-content content-spacious\"><p>A ju\u00edza Euc\u00e9lia Moreira Cassal, da 3\u00aa Vara Criminal de Campo Grande,  declinou compet\u00eancia e decidiu enviar ao Tribunal de Justi\u00e7a a a\u00e7\u00e3o  penal contra o presidente da Assembleia Legislativa, Gerson Claro (PP). O  deputado estadual \u00e9 r\u00e9u pelos crimes de peculato, corrup\u00e7\u00e3o e  organiza\u00e7\u00e3o criminosa pelo desvio de R$ 7,4 milh\u00f5es no Departamento  Estadual de Tr\u00e2nsito.A magistrada decidiu encaminhar o processo seis anos depois da  Opera\u00e7\u00e3o Antiv\u00edrus, deflagrada pelo Gaeco (Grupo de Atua\u00e7\u00e3o Especial de  Combate ao Crime Organizado). Claro e mais 16 pessoas, entre empres\u00e1rios  e dirigentes do Detran na \u00e9poca viraram r\u00e9us pelo desvio milion\u00e1rio por  meio do contrato firmado com a Pir\u00e2mide Central Inform\u00e1tica.<\/p><\/div><\/div><\/article><\/div><\/div><\/div><\/div><\/div>\u201cDessa forma, figurando no polo passivo, al\u00e9m de outros, Deputado Estadual, que possui foro privilegiado por prerrogativa de fun\u00e7\u00e3o, conforme artigo 84 do CPP e artigo 127, inciso I, a, do Regimento Interno do Eg. TJ\/MS, adequada a declina\u00e7\u00e3o da compet\u00eancia para o \u00d3rg\u00e3o Especial do Tribunal Pleno\u201d, informou Euc\u00e9lia Moreira Cassal em despacho publicado na \u00faltima quinta-feira (23) no Di\u00e1rio Oficial da Justi\u00e7a.<\/p>\n\n\n\n<p>\u201cAssim, declino da compet\u00eancia, determinando a remessa deste feito ao Tribunal de Justi\u00e7a do Estado de Mato Grosso do Sul\u201d, determinou. A magistrada ignorou decis\u00e3o do Supremo Tribunal Federal, que definiu como jurisprud\u00eancia o fim do foro privilegiado para crimes cometidos por pol\u00edticos antes e fora do mandato.<\/p>\n\n\n\n<p>Gerson Claro foi alvo da investiga\u00e7\u00e3o e preso um ano antes de ser eleito deputado estadual. Pela regra da suprema corte, ele n\u00e3o teria direito ao foro especial porque o crime foi cometido dois anos antes de tomar posse como deputado estadual.<\/p>\n\n\n\n<p>Al\u00e9m de Gerson Claro, s\u00e3o r\u00e9us os ex-diretores do Detran, Celso Braz de Oliveira e Gerson Tomi, os s\u00f3cios da Pir\u00e2mide Inform\u00e1tica, Jos\u00e9 do Patroc\u00ednio Filho e Anderson da Silva Campos, o ex-assessor da Secretaria Estadual de Governo, Luiz Alberto Oliveira Azevedo, e Fernando Roger Daga, entre outros.<\/p>\n\n\n\n<p>Conforme a den\u00fancia do Gaeco, Gerson Claro, ent\u00e3o diretor-presidente do Detran, rompeu o contrato com o Cons\u00f3rcio REG-DOC para contratar, em regime de urg\u00eancia e sem licita\u00e7\u00e3o por R$ 7,4 milh\u00f5es em 180 dias a Pir\u00e2mide Inform\u00e1tica, de Patroc\u00ednio e Campos. Este \u00faltimo morreu em um acidente de tr\u00e2nsito em Maracaju.<\/p>\n\n\n\n<p>A empresa n\u00e3o tinha estrutura nem experi\u00eancia para assumir o servi\u00e7o, que poderia ser executado por funcion\u00e1rios do \u00f3rg\u00e3o estadual e custaria apenas R$ 100 mil. O gasto de R$ 7,4 milh\u00f5es foi por apenas seis meses. Em seguida, a Pir\u00e2mide ganhou o contrato, tamb\u00e9m sem licita\u00e7\u00e3o, do Tribunal de Contas do Estado.<\/p>\n\n\n\n<p>O MPE pede a condena\u00e7\u00e3o do grupo por corrup\u00e7\u00e3o passiva e ativa, falsidade ideol\u00f3gica, lavagem de dinheiro, dispensa de licita\u00e7\u00e3o, peculato e organiza\u00e7\u00e3o criminosa. A promotoria pede indeniza\u00e7\u00e3o de R$ 50 milh\u00f5es.<\/p>\n\n\n\n<p>O encaminhamento do processo ao TJMS ocorreu ap\u00f3s a realiza\u00e7\u00e3o da audi\u00eancia de instru\u00e7\u00e3o e julgamento.<\/p>\n\n\n<div class=\"wp-block-image\">\n<figure class=\"aligncenter\"><img decoding=\"async\" src=\"https:\/\/ojacare.com.br\/wp-content\/uploads\/2018\/09\/gerson-claro-preso.jpg\" alt=\"\" class=\"wp-image-19999\"\/><figcaption class=\"wp-element-caption\">Gerson Claro foi preso durante a Opera\u00e7\u00e3o Ant\u00edvirus e afastado do comando do Detran (Foto: Arquivo)<\/figcaption><\/figure>\n<\/div>\n\n\n<p><em><strong> Fonte: O Jacar\u00e9<\/strong><\/em><\/p>\n","protected":false},"excerpt":{"rendered":"<p>A ju\u00edza Euc\u00e9lia Moreira Cassal, da 3\u00aa Vara Criminal de Campo Grande, declinou compet\u00eancia e decidiu enviar ao Tribunal de<\/p>\n","protected":false},"author":1,"featured_media":3823,"comment_status":"open","ping_status":"open","sticky":false,"template":"","format":"standard","meta":{"footnotes":""},"categories":[2],"tags":[],"class_list":["post-3822","post","type-post","status-publish","format-standard","has-post-thumbnail","hentry","category-noticias"],"_links":{"self":[{"href":"https:\/\/jornaloalvorada.com.br\/site\/wp-json\/wp\/v2\/posts\/3822","targetHints":{"allow":["GET"]}}],"collection":[{"href":"https:\/\/jornaloalvorada.com.br\/site\/wp-json\/wp\/v2\/posts"}],"about":[{"href":"https:\/\/jornaloalvorada.com.br\/site\/wp-json\/wp\/v2\/types\/post"}],"author":[{"embeddable":true,"href":"https:\/\/jornaloalvorada.com.br\/site\/wp-json\/wp\/v2\/users\/1"}],"replies":[{"embeddable":true,"href":"https:\/\/jornaloalvorada.com.br\/site\/wp-json\/wp\/v2\/comments?post=3822"}],"version-history":[{"count":1,"href":"https:\/\/jornaloalvorada.com.br\/site\/wp-json\/wp\/v2\/posts\/3822\/revisions"}],"predecessor-version":[{"id":3824,"href":"https:\/\/jornaloalvorada.com.br\/site\/wp-json\/wp\/v2\/posts\/3822\/revisions\/3824"}],"wp:featuredmedia":[{"embeddable":true,"href":"https:\/\/jornaloalvorada.com.br\/site\/wp-json\/wp\/v2\/media\/3823"}],"wp:attachment":[{"href":"https:\/\/jornaloalvorada.com.br\/site\/wp-json\/wp\/v2\/media?parent=3822"}],"wp:term":[{"taxonomy":"category","embeddable":true,"href":"https:\/\/jornaloalvorada.com.br\/site\/wp-json\/wp\/v2\/categories?post=3822"},{"taxonomy":"post_tag","embeddable":true,"href":"https:\/\/jornaloalvorada.com.br\/site\/wp-json\/wp\/v2\/tags?post=3822"}],"curies":[{"name":"wp","href":"https:\/\/api.w.org\/{rel}","templated":true}]}}