{"id":3819,"date":"2023-11-27T08:46:17","date_gmt":"2023-11-27T12:46:17","guid":{"rendered":"https:\/\/jornaloalvorada.com.br\/site\/?p=3819"},"modified":"2023-11-27T08:46:20","modified_gmt":"2023-11-27T12:46:20","slug":"aos-gritos-de-volta-bolsonaro-manifestacao-reuniu-multidao-na-av-paulista","status":"publish","type":"post","link":"https:\/\/jornaloalvorada.com.br\/site\/2023\/11\/27\/aos-gritos-de-volta-bolsonaro-manifestacao-reuniu-multidao-na-av-paulista\/","title":{"rendered":"Aos gritos de &#8220;volta, Bolsonaro!&#8221;, manifesta\u00e7\u00e3o reuniu multid\u00e3o na Av. Paulista"},"content":{"rendered":"\n<p>Milhares de pessoas se reuniram nesse domingo, 26, na Avenida Paulista, regi\u00e3o central de S\u00e3o Paulo. Os manifestantes protestaram pela defesa do Estado Democr\u00e1tico de Direito.<\/p>\n\n\n\n<p>A multid\u00e3o se concentrou em frente ao Museu de Arte de S\u00e3o Paulo (Masp). Os manifestantes ocuparam todas as faixas nos dois sentidos da Avenida Paulista, no trecho entre as ruas Itapeva e Peixoto Gomide.<\/p>\n\n\n\n<h5 class=\"wp-block-heading\">Minuto de sil\u00eancio por Clez\u00e3o<\/h5>\n\n\n\n<p>O movimento Nas Ruas colocou um trio el\u00e9trico no local, de onde discursaram parlamentares, representantes da sociedade civil. A manifesta\u00e7\u00e3o propriamente dita come\u00e7ou por volta das 14 horas. Antes da execu\u00e7\u00e3o do hino nacional, realizou-se um minuto de sil\u00eancio em mem\u00f3ria de Cleriston da Cunha, conhecido como Clez\u00e3o do Ramalho.<\/p>\n\n\n\n<p>Preso desde janeiro sob a acusa\u00e7\u00e3o de ter participado dos atos de vandalismo de 8 de janeiro, Clez\u00e3o morreu na \u00faltima segunda-feira, 20, depois de mal s\u00fabiuto durante banho de sol no p\u00e1tio do Complexo da Papuda.<\/p>\n\n\n\n<p><strong>Revista Oeste<\/strong><\/p>\n","protected":false},"excerpt":{"rendered":"<p>Milhares de pessoas se reuniram nesse domingo, 26, na Avenida Paulista, regi\u00e3o central de S\u00e3o Paulo. Os manifestantes protestaram pela<\/p>\n","protected":false},"author":1,"featured_media":3820,"comment_status":"open","ping_status":"open","sticky":false,"template":"","format":"standard","meta":{"footnotes":""},"categories":[2],"tags":[],"class_list":["post-3819","post","type-post","status-publish","format-standard","has-post-thumbnail","hentry","category-noticias"],"_links":{"self":[{"href":"https:\/\/jornaloalvorada.com.br\/site\/wp-json\/wp\/v2\/posts\/3819","targetHints":{"allow":["GET"]}}],"collection":[{"href":"https:\/\/jornaloalvorada.com.br\/site\/wp-json\/wp\/v2\/posts"}],"about":[{"href":"https:\/\/jornaloalvorada.com.br\/site\/wp-json\/wp\/v2\/types\/post"}],"author":[{"embeddable":true,"href":"https:\/\/jornaloalvorada.com.br\/site\/wp-json\/wp\/v2\/users\/1"}],"replies":[{"embeddable":true,"href":"https:\/\/jornaloalvorada.com.br\/site\/wp-json\/wp\/v2\/comments?post=3819"}],"version-history":[{"count":1,"href":"https:\/\/jornaloalvorada.com.br\/site\/wp-json\/wp\/v2\/posts\/3819\/revisions"}],"predecessor-version":[{"id":3821,"href":"https:\/\/jornaloalvorada.com.br\/site\/wp-json\/wp\/v2\/posts\/3819\/revisions\/3821"}],"wp:featuredmedia":[{"embeddable":true,"href":"https:\/\/jornaloalvorada.com.br\/site\/wp-json\/wp\/v2\/media\/3820"}],"wp:attachment":[{"href":"https:\/\/jornaloalvorada.com.br\/site\/wp-json\/wp\/v2\/media?parent=3819"}],"wp:term":[{"taxonomy":"category","embeddable":true,"href":"https:\/\/jornaloalvorada.com.br\/site\/wp-json\/wp\/v2\/categories?post=3819"},{"taxonomy":"post_tag","embeddable":true,"href":"https:\/\/jornaloalvorada.com.br\/site\/wp-json\/wp\/v2\/tags?post=3819"}],"curies":[{"name":"wp","href":"https:\/\/api.w.org\/{rel}","templated":true}]}}