{"id":3810,"date":"2023-11-24T16:18:43","date_gmt":"2023-11-24T20:18:43","guid":{"rendered":"https:\/\/jornaloalvorada.com.br\/site\/?p=3810"},"modified":"2023-11-24T16:18:45","modified_gmt":"2023-11-24T20:18:45","slug":"com-atuacao-intensa-e-apos-chuva-bombeiros-de-ms-controlam-focos-de-incendios-no-pantanal","status":"publish","type":"post","link":"https:\/\/jornaloalvorada.com.br\/site\/2023\/11\/24\/com-atuacao-intensa-e-apos-chuva-bombeiros-de-ms-controlam-focos-de-incendios-no-pantanal\/","title":{"rendered":"Com atua\u00e7\u00e3o intensa e ap\u00f3s chuva, Bombeiros de MS controlam focos de inc\u00eandios no Pantanal"},"content":{"rendered":"\n<p>Os inc\u00eandios florestais no Pantanal foram extintos ap\u00f3s dias de trabalho intenso do CBMMS (Corpo de Bombeiros Militar) em diferentes \u00e1reas e com a contribui\u00e7\u00e3o da chuva que caiu em diversas regi\u00f5es de Mato Grosso do Sul.<\/p>\n\n\n\n<p>Dados do Cemtec (Centro de Monitoramento do Tempo de do Clima de Mato Grosso do Sul), apontam que nesta sexta-feira (24) nenhum foco de inc\u00eandio florestal est\u00e1 ativo no Estado.<\/p>\n\n\n\n<p>Na regi\u00e3o do Porto Esperan\u00e7a, um dos \u00faltimos focos ativos foi controlado e extinto ontem (23) pelos bombeiros. \u201cForam realizadas t\u00e9cnicas de combate direto de inc\u00eandio florestal de m\u00e9dia propor\u00e7\u00e3o, atacando fogo na cabe\u00e7a, flanco e retaguarda e tivemos \u00eaxito na extin\u00e7\u00e3o\u201d, disse o respons\u00e1vel pela opera\u00e7\u00e3o no local, sargento Argeu.<\/p>\n\n\n\n<figure class=\"wp-block-image\"><a href=\"https:\/\/agenciadenoticias.ms.gov.br\/wp-content\/uploads\/2023\/11\/area-pos-incendio-03_Porto-Esperanca-24-nov-2023_CPA_CBMMS.jpeg\"><img decoding=\"async\" src=\"https:\/\/agenciadenoticias.ms.gov.br\/wp-content\/uploads\/2023\/11\/area-pos-incendio-03_Porto-Esperanca-24-nov-2023_CPA_CBMMS.jpeg\" alt=\"\"\/><\/a><\/figure>\n\n\n\n<figure class=\"wp-block-image\"><a href=\"https:\/\/agenciadenoticias.ms.gov.br\/wp-content\/uploads\/2023\/11\/area-pos-incendio-04_Porto-Esperanca-24-nov-2023_CPA_CBMMS.jpeg\"><img decoding=\"async\" src=\"https:\/\/agenciadenoticias.ms.gov.br\/wp-content\/uploads\/2023\/11\/area-pos-incendio-04_Porto-Esperanca-24-nov-2023_CPA_CBMMS.jpeg\" alt=\"\"\/><\/a><\/figure>\n\n\n\n<p>Mesmo ap\u00f3s a extin\u00e7\u00e3o total dos focos de inc\u00eandios florestais em todo o Pantanal, o Corpo de Bombeiros mant\u00e9m monitoramento como parte das a\u00e7\u00f5es da Opera\u00e7\u00e3o Pantanal 2023. Ontem o trabalho foi realizado no Parque Estadual do Pantanal do Rio Negro, Fazenda Ypiranga \u2013 na regi\u00e3o do Paiagu\u00e1s \u2013, Morro do Azeite e em Porto Esperan\u00e7a, e hoje (24) em um local.<\/p>\n\n\n\n<p>\u201cAp\u00f3s a chuva, estamos com apenas uma guarni\u00e7\u00e3o em situa\u00e7\u00e3o de monitoramento posicionada na regi\u00e3o do Nabileque\u201d, disse a tenente-coronel Tatiane Inoue, chefe do CPA (Centro de Prote\u00e7\u00e3o Ambiental), que realiza o monitoramento dos inc\u00eandios florestais no Estado e coordenadora da Opera\u00e7\u00e3o Pantanal 2023.<\/p>\n\n\n\n<p>A chuva contribuiu para a extin\u00e7\u00e3o dos focos de inc\u00eandio florestal. A quantidade de chuva em Corumb\u00e1, acumulada em 24 horas, chegou a 142,4 mm. Em Miranda o \u00edndice foi de 86,6 mm e em Porto Murtinho 55,6 mm. Outras regi\u00f5es que tiveram inc\u00eandios florestais tamb\u00e9m registraram chuva como Bonito (29,8 mm) e Aquidauana (10,4 mm).<\/p>\n\n\n\n<p>Tamb\u00e9m nesta quinta-feira (23), equipes do Corpo de Bombeiros \u2013 com o apoio da CGPA (Coordenadoria Geral de Policiamento A\u00e9reo), da Pol\u00edcia Militar \u2013 vistoriaram a regi\u00e3o do Pantanal do Rio Negro onde ocorreu inc\u00eandio florestal no dia 4 de novembro, para examinar o local e averiguar se o in\u00edcio das chamas foi de causas naturais ou humanas.<\/p>\n\n\n\n<figure class=\"wp-block-image\"><a href=\"https:\/\/agenciadenoticias.ms.gov.br\/wp-content\/uploads\/2023\/11\/Parque-estadual-Rio-Negro-01_vistoria-23-nov_CPA_CBMMS.jpeg\"><img decoding=\"async\" src=\"https:\/\/agenciadenoticias.ms.gov.br\/wp-content\/uploads\/2023\/11\/Parque-estadual-Rio-Negro-01_vistoria-23-nov_CPA_CBMMS.jpeg\" alt=\"\"\/><\/a><\/figure>\n\n\n\n<figure class=\"wp-block-image\"><a href=\"https:\/\/agenciadenoticias.ms.gov.br\/wp-content\/uploads\/2023\/11\/Parque-estadual-Rio-Negro-02_vistoria-23-nov_CPA_CBMMS.jpeg\"><img decoding=\"async\" src=\"https:\/\/agenciadenoticias.ms.gov.br\/wp-content\/uploads\/2023\/11\/Parque-estadual-Rio-Negro-02_vistoria-23-nov_CPA_CBMMS.jpeg\" alt=\"\"\/><\/a><\/figure>\n\n\n\n<p>Todo foco de calor no Estado \u00e9 registrado pelo monitoramento via sat\u00e9lite no CPA, assim \u00e9 poss\u00edvel determinar com precis\u00e3o o ponto de igni\u00e7\u00e3o, e por meio de cruzamento de dados e sobreposi\u00e7\u00e3o de sistemas tamb\u00e9m \u00e9 poss\u00edvel saber se houve descargas el\u00e9tricas atmosf\u00e9ricas ou rompimento de redes el\u00e9tricas na regi\u00e3o.<\/p>\n\n\n\n<p>Ap\u00f3s a realiza\u00e7\u00e3o do estudo in loco, \u00e9 elaborado um relat\u00f3rio pelo especialista em engenharia ambiental do CBMMS, que determina a origem e causa do inc\u00eandio florestal para subsidiar os \u00f3rg\u00e3os ambientais competentes para tomadas de decis\u00f5es.<\/p>\n\n\n\n<p>O CBMMS j\u00e1 est\u00e1 em atua\u00e7\u00e3o na Opera\u00e7\u00e3o Pantanal 2023 desde o dia 17 de maio de 2023, com efetivo empregado de mais de 300 bombeiros e bombeiras militares nas a\u00e7\u00f5es de preven\u00e7\u00e3o, prepara\u00e7\u00e3o e combate aos inc\u00eandios florestais em todo o Estado.<\/p>\n\n\n\n<p><em>Natalia Yahn, Comunica\u00e7\u00e3o Governo de MS<\/em><br><em>Fotos: CPA\/CBMMS<\/em><\/p>\n","protected":false},"excerpt":{"rendered":"<p>Os inc\u00eandios florestais no Pantanal foram extintos ap\u00f3s dias de trabalho intenso do CBMMS (Corpo de Bombeiros Militar) em diferentes<\/p>\n","protected":false},"author":1,"featured_media":3811,"comment_status":"open","ping_status":"open","sticky":false,"template":"","format":"standard","meta":{"footnotes":""},"categories":[2],"tags":[],"class_list":["post-3810","post","type-post","status-publish","format-standard","has-post-thumbnail","hentry","category-noticias"],"_links":{"self":[{"href":"https:\/\/jornaloalvorada.com.br\/site\/wp-json\/wp\/v2\/posts\/3810","targetHints":{"allow":["GET"]}}],"collection":[{"href":"https:\/\/jornaloalvorada.com.br\/site\/wp-json\/wp\/v2\/posts"}],"about":[{"href":"https:\/\/jornaloalvorada.com.br\/site\/wp-json\/wp\/v2\/types\/post"}],"author":[{"embeddable":true,"href":"https:\/\/jornaloalvorada.com.br\/site\/wp-json\/wp\/v2\/users\/1"}],"replies":[{"embeddable":true,"href":"https:\/\/jornaloalvorada.com.br\/site\/wp-json\/wp\/v2\/comments?post=3810"}],"version-history":[{"count":1,"href":"https:\/\/jornaloalvorada.com.br\/site\/wp-json\/wp\/v2\/posts\/3810\/revisions"}],"predecessor-version":[{"id":3812,"href":"https:\/\/jornaloalvorada.com.br\/site\/wp-json\/wp\/v2\/posts\/3810\/revisions\/3812"}],"wp:featuredmedia":[{"embeddable":true,"href":"https:\/\/jornaloalvorada.com.br\/site\/wp-json\/wp\/v2\/media\/3811"}],"wp:attachment":[{"href":"https:\/\/jornaloalvorada.com.br\/site\/wp-json\/wp\/v2\/media?parent=3810"}],"wp:term":[{"taxonomy":"category","embeddable":true,"href":"https:\/\/jornaloalvorada.com.br\/site\/wp-json\/wp\/v2\/categories?post=3810"},{"taxonomy":"post_tag","embeddable":true,"href":"https:\/\/jornaloalvorada.com.br\/site\/wp-json\/wp\/v2\/tags?post=3810"}],"curies":[{"name":"wp","href":"https:\/\/api.w.org\/{rel}","templated":true}]}}