{"id":3805,"date":"2023-11-24T09:02:52","date_gmt":"2023-11-24T13:02:52","guid":{"rendered":"https:\/\/jornaloalvorada.com.br\/site\/?p=3805"},"modified":"2023-11-24T09:02:54","modified_gmt":"2023-11-24T13:02:54","slug":"gaza-vive-o-primeiro-de-quatro-dias-de-cessar-fogo","status":"publish","type":"post","link":"https:\/\/jornaloalvorada.com.br\/site\/2023\/11\/24\/gaza-vive-o-primeiro-de-quatro-dias-de-cessar-fogo\/","title":{"rendered":"Gaza vive o primeiro de quatro dias de cessar-fogo"},"content":{"rendered":"\n<p>A tr\u00e9gua na Faixa de Gaza est\u00e1 em vigor desde as 7h (hora local, 2h em Bras\u00edlia). Durante quatro dias, haver\u00e1 troca de ref\u00e9ns israelenses por prisioneiros palestinos. O in\u00edcio da liberta\u00e7\u00e3o de 50 ref\u00e9ns feitos pelo Hamas &#8211; o primeiro grupo ser\u00e1 composto por 13 mulheres e crian\u00e7as &#8211; est\u00e1 previsto para as 16h locais (11h em Bras\u00edlia). A pausa nas hostilidades servir\u00e1 tamb\u00e9m para a entrada de material humanit\u00e1rio e combust\u00edveis em Gaza.<\/p>\n\n\n\n<p>Nas horas que antecederam o cessar-fogo, ocorreram intensos combates em Gaza. Ve\u00edculos de comunica\u00e7\u00e3o relataram colunas de fuma\u00e7a dos bombardeios a\u00e9reos israelenses sobre a cidade, al\u00e9m do som de disparos de artilharia. Pelas 7h locais, a situa\u00e7\u00e3o come\u00e7ou a se acalmar, embora fossem ainda ouvidos disparos espor\u00e1dicos. Soaram tamb\u00e9m sirenes de alerta para bombas nas localidades israelenses mais pr\u00f3ximas de Gaza.<\/p>\n\n\n\n<p>O porta-voz das For\u00e7as de Defesa de Israel, Avichay Adraee, avisou que &#8220;a guerra ainda n\u00e3o acabou&#8221;, lembrando, em v\u00eddeo divulgado nas redes sociais, que a &#8220;pausa humanit\u00e1ria \u00e9 tempor\u00e1ria&#8221;.<\/p>\n\n\n\n<p><strong>Ajuda humanit\u00e1ria<\/strong><\/p>\n\n\n\n<p>Os primeiros caminh\u00f5es de uma caravana de ajuda humanit\u00e1ria come\u00e7aram hoje a entrar na Faixa de Gaza pela fronteira de Rafah, com o in\u00edcio da tr\u00e9gua, informou a televis\u00e3o eg\u00edpcia Al Qahera News.<\/p>\n\n\n\n<p>A pausa de quatro dias na guerra entre Israel e o grupo islamita palestino Hamas vai permitir a entrada di\u00e1ria em Gaza de 200 caminh\u00f5es de ajuda humanit\u00e1ria.<\/p>\n\n\n\n<p>O Servi\u00e7o Prisional de Israel recebeu os nomes das mulheres e dos menores palestinos que ser\u00e3o libertados, todos eles condenados por terrorismo.<\/p>\n\n\n\n<p>Os 39 prisioneiros ser\u00e3o, num primeiro momento, transferidos para a pris\u00e3o de Ofer, na Cisjord\u00e2nia ocupada. L\u00e1 v\u00e3o aguardar a entrega de 13 ref\u00e9ns do Hamas.<\/p>\n\n\n\n<p><strong><em>Fonte: Ag\u00eancia Brasil<\/em><\/strong><\/p>\n","protected":false},"excerpt":{"rendered":"<p>A tr\u00e9gua na Faixa de Gaza est\u00e1 em vigor desde as 7h (hora local, 2h em Bras\u00edlia). Durante quatro dias,<\/p>\n","protected":false},"author":1,"featured_media":3806,"comment_status":"open","ping_status":"open","sticky":false,"template":"","format":"standard","meta":{"footnotes":""},"categories":[2],"tags":[],"class_list":["post-3805","post","type-post","status-publish","format-standard","has-post-thumbnail","hentry","category-noticias"],"_links":{"self":[{"href":"https:\/\/jornaloalvorada.com.br\/site\/wp-json\/wp\/v2\/posts\/3805","targetHints":{"allow":["GET"]}}],"collection":[{"href":"https:\/\/jornaloalvorada.com.br\/site\/wp-json\/wp\/v2\/posts"}],"about":[{"href":"https:\/\/jornaloalvorada.com.br\/site\/wp-json\/wp\/v2\/types\/post"}],"author":[{"embeddable":true,"href":"https:\/\/jornaloalvorada.com.br\/site\/wp-json\/wp\/v2\/users\/1"}],"replies":[{"embeddable":true,"href":"https:\/\/jornaloalvorada.com.br\/site\/wp-json\/wp\/v2\/comments?post=3805"}],"version-history":[{"count":1,"href":"https:\/\/jornaloalvorada.com.br\/site\/wp-json\/wp\/v2\/posts\/3805\/revisions"}],"predecessor-version":[{"id":3807,"href":"https:\/\/jornaloalvorada.com.br\/site\/wp-json\/wp\/v2\/posts\/3805\/revisions\/3807"}],"wp:featuredmedia":[{"embeddable":true,"href":"https:\/\/jornaloalvorada.com.br\/site\/wp-json\/wp\/v2\/media\/3806"}],"wp:attachment":[{"href":"https:\/\/jornaloalvorada.com.br\/site\/wp-json\/wp\/v2\/media?parent=3805"}],"wp:term":[{"taxonomy":"category","embeddable":true,"href":"https:\/\/jornaloalvorada.com.br\/site\/wp-json\/wp\/v2\/categories?post=3805"},{"taxonomy":"post_tag","embeddable":true,"href":"https:\/\/jornaloalvorada.com.br\/site\/wp-json\/wp\/v2\/tags?post=3805"}],"curies":[{"name":"wp","href":"https:\/\/api.w.org\/{rel}","templated":true}]}}