{"id":3802,"date":"2023-11-24T08:47:01","date_gmt":"2023-11-24T12:47:01","guid":{"rendered":"https:\/\/jornaloalvorada.com.br\/site\/?p=3802"},"modified":"2023-11-24T08:47:03","modified_gmt":"2023-11-24T12:47:03","slug":"nao-esqueca-o-guarda-chuva-tempo-instavel-continua-e-sexta-feira-pode-ser-chuvosa","status":"publish","type":"post","link":"https:\/\/jornaloalvorada.com.br\/site\/2023\/11\/24\/nao-esqueca-o-guarda-chuva-tempo-instavel-continua-e-sexta-feira-pode-ser-chuvosa\/","title":{"rendered":"N\u00e3o esque\u00e7a o guarda chuva: tempo inst\u00e1vel continua e sexta-feira pode ser chuvosa"},"content":{"rendered":"\n<p>A probabilidade de chuvas mais uma vez marca presen\u00e7a na previs\u00e3o do Cemtec (Centro de Monitoramento do Tempo e do Clima) e o tempo est\u00e1vel n\u00e3o deve retornar pelos pr\u00f3ximos dias. Para esta sexta-feira (24), \u00e9 previsto tempo inst\u00e1vel em grande parte do estado, com poss\u00edveis tempestades acompanhadas de raios, rajadas de vento e eventual queda de granizo.<\/p>\n\n\n\n<p>De acordo com o Cemtec, a forma\u00e7\u00e3o de tempestades mais intensas deve ocorrer de maneira isolada, com os maiores acumulados de chuvas (acima de 60mm\/24h) principalmente nas regi\u00f5es Sul, Sudeste e Sudoeste.<\/p>\n\n\n\n<p>Em Campo Grande, os term\u00f4metros iniciam aos 22\u00b0C e atingem at\u00e9 26\u00b0C ao longo do dia. Dourados tem m\u00ednima de 21\u00b0C e m\u00e1xima de 26\u00b0C. Na regi\u00e3o Sul, Ponta Por\u00e3 e Iguatemi apresentam valores que variam entre 21\u00b0C e 25\u00b0C.<\/p>\n\n\n\n<p>Na regi\u00e3o do Bols\u00e3o, Tr\u00eas Lagoas amanhece aos 22\u00b0C e chega aos 28\u00b0C no per\u00edodo da tarde, enquanto Parana\u00edba tem m\u00ednima de 23\u00b0C e m\u00e1xima de 30\u00b0C. Coxim e Camapu\u00e3, no Norte do estado, atingem m\u00e1ximas de 30\u00b0C, com m\u00ednimas de 23\u00b0C e 22\u00b0C, respectivamente.<\/p>\n\n\n\n<p>As temperaturas s\u00e3o semelhantes nas regi\u00f5es do Pantanal e Sudoeste. Aquidauana e Porto Murtinho iniciam aos 24\u00b0C, chegando aos 29\u00b0C, valor mais alto desta sexta-feira. Corumb\u00e1, assim como os munic\u00edpios vizinhos, tamb\u00e9m marca 24\u00b0C pela manh\u00e3, mas sua m\u00e1xima fica em 28\u00b0C.<\/p>\n\n\n\n<p>Al\u00e9m disso, segundo o Cemtec, ainda podem ocorrer rajadas de vento ao longo do dia. \u201cOs ventos atuam do quadrante norte com valores entre 30-50 km\/h e, pontualmente, podem ocorrer rajadas de vento acima de 50km\/h\u201d.<\/p>\n\n\n\n<p><em>Heloisa Duim, Programa de Est\u00e1gio Supervisionado<br>Foto: \u00c1lvaro Rezende<\/em><\/p>\n","protected":false},"excerpt":{"rendered":"<p>A probabilidade de chuvas mais uma vez marca presen\u00e7a na previs\u00e3o do Cemtec (Centro de Monitoramento do Tempo e do<\/p>\n","protected":false},"author":1,"featured_media":3757,"comment_status":"open","ping_status":"open","sticky":false,"template":"","format":"standard","meta":{"footnotes":""},"categories":[2],"tags":[],"class_list":["post-3802","post","type-post","status-publish","format-standard","has-post-thumbnail","hentry","category-noticias"],"_links":{"self":[{"href":"https:\/\/jornaloalvorada.com.br\/site\/wp-json\/wp\/v2\/posts\/3802","targetHints":{"allow":["GET"]}}],"collection":[{"href":"https:\/\/jornaloalvorada.com.br\/site\/wp-json\/wp\/v2\/posts"}],"about":[{"href":"https:\/\/jornaloalvorada.com.br\/site\/wp-json\/wp\/v2\/types\/post"}],"author":[{"embeddable":true,"href":"https:\/\/jornaloalvorada.com.br\/site\/wp-json\/wp\/v2\/users\/1"}],"replies":[{"embeddable":true,"href":"https:\/\/jornaloalvorada.com.br\/site\/wp-json\/wp\/v2\/comments?post=3802"}],"version-history":[{"count":1,"href":"https:\/\/jornaloalvorada.com.br\/site\/wp-json\/wp\/v2\/posts\/3802\/revisions"}],"predecessor-version":[{"id":3803,"href":"https:\/\/jornaloalvorada.com.br\/site\/wp-json\/wp\/v2\/posts\/3802\/revisions\/3803"}],"wp:featuredmedia":[{"embeddable":true,"href":"https:\/\/jornaloalvorada.com.br\/site\/wp-json\/wp\/v2\/media\/3757"}],"wp:attachment":[{"href":"https:\/\/jornaloalvorada.com.br\/site\/wp-json\/wp\/v2\/media?parent=3802"}],"wp:term":[{"taxonomy":"category","embeddable":true,"href":"https:\/\/jornaloalvorada.com.br\/site\/wp-json\/wp\/v2\/categories?post=3802"},{"taxonomy":"post_tag","embeddable":true,"href":"https:\/\/jornaloalvorada.com.br\/site\/wp-json\/wp\/v2\/tags?post=3802"}],"curies":[{"name":"wp","href":"https:\/\/api.w.org\/{rel}","templated":true}]}}