{"id":3797,"date":"2023-11-23T05:50:00","date_gmt":"2023-11-23T09:50:00","guid":{"rendered":"https:\/\/jornaloalvorada.com.br\/site\/?p=3797"},"modified":"2023-11-23T16:29:55","modified_gmt":"2023-11-23T20:29:55","slug":"servidores-estaduais-terao-auxilio-alimentacao-de-r-300-a-partir-de-2024","status":"publish","type":"post","link":"https:\/\/jornaloalvorada.com.br\/site\/2023\/11\/23\/servidores-estaduais-terao-auxilio-alimentacao-de-r-300-a-partir-de-2024\/","title":{"rendered":"Servidores estaduais ter\u00e3o aux\u00edlio alimenta\u00e7\u00e3o de R$ 300 a partir de 2024"},"content":{"rendered":"\n<p><div class=\"main-wrap\"><div class=\"main ts-contain cf right-sidebar\"><div class=\"ts-row has-s-large-bot\"><div class=\"col-8 main-content\"><div class=\"the-post s-post-large\"><article id=\"post-66107\" class=\"post-66107 post type-post status-publish format-standard has-post-thumbnail category-ms tag-auxilio-alimentacao tag-dinheiro tag-feserp-ms tag-fetems tag-gestao-riedel tag-governo-de-ms tag-nossa-politica tag-servidores-estaduais tag-tiro-news\"><div class=\"post-content-wrap has-share-float has-share-float-in\"><div class=\"post-content cf entry-content content-spacious\"><p>O Governo do Estado anunciou que vai implantar um aux\u00edlio alimenta\u00e7\u00e3o  mensal de R$ 300 para todos os efetivos que recebem at\u00e9 tr\u00eas sal\u00e1rios  m\u00ednimos. A decis\u00e3o foi tomada nesta quarta-feira (22) pelo governador  Eduardo Riedel (PSDB) em reuni\u00e3o com entidades representativas de  servidores.\u201cNos reunimos com representantes de diversas categorias e chegamos a  um entendimento, que vai come\u00e7ar a ser pago j\u00e1 a partir de janeiro de  2024, uma a\u00e7\u00e3o importante para melhorar a situa\u00e7\u00e3o dos nossos  servidores\u201d, declarou Riedel.<\/p><\/div><\/div><\/article><\/div><\/div><\/div><\/div><\/div>O benef\u00edcio atende uma reivindica\u00e7\u00e3o dos educadores e estendendo o benef\u00edcio para funcion\u00e1rios p\u00fablicos de outras categorias.<\/p>\n\n\n\n<p>Participaram da reuni\u00e3o a Feserp (Federa\u00e7\u00e3o Sindical dos Servidores P\u00fablicos Estaduais e Municipais do Estado de Mato Grosso do Sul), Fetems (Federa\u00e7\u00e3o dos Trabalhadores em Educa\u00e7\u00e3o de MS) e Sinfae (Sindicato dos Servidores Administrativos da Educa\u00e7\u00e3o).&nbsp;<\/p>\n\n\n\n<p>\u201cVamos fazer altera\u00e7\u00e3o em um decreto do Estado para que a gente possa realizar pagamento de um aux\u00edlio alimenta\u00e7\u00e3o aos servidores que recebem at\u00e9 3 sal\u00e1rios m\u00ednimos. Esse aux\u00edlio ser\u00e1 pago aos servidores efetivos a partir de janeiro de 2024\u201d, explicou a secret\u00e1ria estadual de Administra\u00e7\u00e3o, Ana Carolina Nardes.<\/p>\n\n\n\n<p>De acordo com a secretaria, o impacto anual aos cofres p\u00fablicos ser\u00e1 de R$ 23 milh\u00f5es.<\/p>\n\n\n\n<p>O secret\u00e1rio de Governo e Gest\u00e3o Estrat\u00e9gica, Pedro Caravina, afirma que o aux\u00edlio mensal valer\u00e1 por prazo indeterminado ajudando no or\u00e7amento de 8.634 fam\u00edlias sul-mato-grossenses.<\/p>\n\n\n\n<p>\u201cNo 1\u00ba ano da administra\u00e7\u00e3o, o Governo fez a implanta\u00e7\u00e3o da revis\u00e3o geral anual de 5% e, agora, mostrando a sensibilidade com os servidores que t\u00eam o menor sal\u00e1rio, autoriza o aux\u00edlio alimenta\u00e7\u00e3o de R$ 300 para todos que ganham at\u00e9 3 sal\u00e1rios m\u00ednimos. Isso vai beneficiar 8,6 mil servidores que v\u00e3o poder ter esse valor maior que vai poder auxiliar na renda mensal. \u00c9 uma grande conquista\u201d, relatou Caravina.<\/p>\n\n\n\n<p>\u201cEsse \u00e9 o resultado de uma reuni\u00e3o final de um longo processo de negocia\u00e7\u00e3o que come\u00e7ou no m\u00eas de maio, logo depois que o governador anunciou a RGA (Revis\u00e3o Geral Anual). Essa quest\u00e3o vem atender os administrativos, que ganham sal\u00e1rios menores. Ser\u00e3o 6 mil servidores beneficiados na educa\u00e7\u00e3o\u201d, disse o presidente da Fetems (Federa\u00e7\u00e3o dos Trabalhadores em Educa\u00e7\u00e3o de MS), Jaime Teixeira.<\/p>\n\n\n\n<p><em><strong>Fonte: O Jacar\u00e9<\/strong><\/em><\/p>\n","protected":false},"excerpt":{"rendered":"<p>O Governo do Estado anunciou que vai implantar um aux\u00edlio alimenta\u00e7\u00e3o mensal de R$ 300 para todos os efetivos que<\/p>\n","protected":false},"author":1,"featured_media":3798,"comment_status":"open","ping_status":"open","sticky":false,"template":"","format":"standard","meta":{"footnotes":""},"categories":[2],"tags":[],"class_list":["post-3797","post","type-post","status-publish","format-standard","has-post-thumbnail","hentry","category-noticias"],"_links":{"self":[{"href":"https:\/\/jornaloalvorada.com.br\/site\/wp-json\/wp\/v2\/posts\/3797","targetHints":{"allow":["GET"]}}],"collection":[{"href":"https:\/\/jornaloalvorada.com.br\/site\/wp-json\/wp\/v2\/posts"}],"about":[{"href":"https:\/\/jornaloalvorada.com.br\/site\/wp-json\/wp\/v2\/types\/post"}],"author":[{"embeddable":true,"href":"https:\/\/jornaloalvorada.com.br\/site\/wp-json\/wp\/v2\/users\/1"}],"replies":[{"embeddable":true,"href":"https:\/\/jornaloalvorada.com.br\/site\/wp-json\/wp\/v2\/comments?post=3797"}],"version-history":[{"count":1,"href":"https:\/\/jornaloalvorada.com.br\/site\/wp-json\/wp\/v2\/posts\/3797\/revisions"}],"predecessor-version":[{"id":3799,"href":"https:\/\/jornaloalvorada.com.br\/site\/wp-json\/wp\/v2\/posts\/3797\/revisions\/3799"}],"wp:featuredmedia":[{"embeddable":true,"href":"https:\/\/jornaloalvorada.com.br\/site\/wp-json\/wp\/v2\/media\/3798"}],"wp:attachment":[{"href":"https:\/\/jornaloalvorada.com.br\/site\/wp-json\/wp\/v2\/media?parent=3797"}],"wp:term":[{"taxonomy":"category","embeddable":true,"href":"https:\/\/jornaloalvorada.com.br\/site\/wp-json\/wp\/v2\/categories?post=3797"},{"taxonomy":"post_tag","embeddable":true,"href":"https:\/\/jornaloalvorada.com.br\/site\/wp-json\/wp\/v2\/tags?post=3797"}],"curies":[{"name":"wp","href":"https:\/\/api.w.org\/{rel}","templated":true}]}}