{"id":3794,"date":"2023-11-23T06:21:00","date_gmt":"2023-11-23T10:21:00","guid":{"rendered":"https:\/\/jornaloalvorada.com.br\/site\/?p=3794"},"modified":"2023-11-23T16:25:02","modified_gmt":"2023-11-23T20:25:02","slug":"apos-12-anos-prefeitura-de-jardim-lanca-concurso-publico-com-320-vagas-e-salarios-de-ate-r-54-mil","status":"publish","type":"post","link":"https:\/\/jornaloalvorada.com.br\/site\/2023\/11\/23\/apos-12-anos-prefeitura-de-jardim-lanca-concurso-publico-com-320-vagas-e-salarios-de-ate-r-54-mil\/","title":{"rendered":"Ap\u00f3s 12 anos, Prefeitura de Jardim lan\u00e7a concurso p\u00fablico com 320 vagas e sal\u00e1rios de at\u00e9 R$ 5,4 mil"},"content":{"rendered":"\n<p>A Prefeitura de Jardim, a 239 km de <a href=\"https:\/\/midiamax.uol.com.br\/municipios\/campo-grande\/\">Campo Grande<\/a>, lan\u00e7ou um concurso p\u00fablico para cargos efetivos com 320 vagas, ap\u00f3s 12 anos do \u00faltimo certame. As oportunidades s\u00e3o para ensino fundamental, m\u00e9dio e superior e a remunera\u00e7\u00e3o varia de R$ 1.361,77 a R$ 5.491,29.<\/p>\n\n\n\n<p>As inscri\u00e7\u00f5es podem ser feitas a partir desta quarta-feira (22) at\u00e9 11 de janeiro de 2024. A previs\u00e3o \u00e9 que a prova escrita seja aplicada em 18 de fevereiro e o resultado final divulgado em 3 de abril de 2024.<\/p>\n\n\n\n<p>A banca organizadora \u00e9 a <a href=\"https:\/\/midiamax.uol.com.br\/tag\/fapec\/\">Fapec<\/a> (Funda\u00e7\u00e3o de Apoio \u00e0 Pesquisa, ao Ensino e \u00e0 Cultura). A taxa de inscri\u00e7\u00e3o \u00e9 de R$ 90 para candidatos a cargos de ensino fundamental, R$ 100 para n\u00edvel m\u00e9dio e de R$ 120 para o <a href=\"https:\/\/midiamax.uol.com.br\/tag\/nivel-superior\/\">n\u00edvel superior<\/a>.<\/p>\n\n\n\n<p><a href=\"https:\/\/diariooficialms.com.br\/media\/93318\/3469---21-11-2023---SUPLEMENTO.pdf\">Clique aqui e acesse o edital de abertura do concurso<\/a>, publicado no Di\u00e1rio Oficial da Assomasul, na \u00faltima ter\u00e7a-feira (21).<\/p>\n\n\n\n<h2 class=\"wp-block-heading\">Vagas<\/h2>\n\n\n\n<p>Entre as 320 vagas est\u00e3o cargos para diversas \u00e1reas. Um dos destaques s\u00e3o as 87 oportunidades para professores.<\/p>\n\n\n\n<h3 class=\"wp-block-heading\" id=\"h-confira-abaixo-as-vagas\">Confira abaixo as vagas:<\/h3>\n\n\n\n<p>As vagas para cargos de n\u00edvel superior s\u00e3o para advogado (1), arquiteto (1), assistente social (5), auditor em sa\u00fade (1), auditor fiscal (1), biom\u00e9dico (1), contador (1), educador f\u00edsico (1), educador social (1), enfermeiro (5), engenheiro civil (1), farmac\u00eautico (2), fiscal de obras e posturas (2), fiscal de tributos municipais (2), fiscal de vigil\u00e2ncia sanit\u00e1ria (2), fisioterapeuta (2), fonoaudi\u00f3logo (2), m\u00e9dico-veterin\u00e1rio (1), nutricionista (1), orientador social (2), psic\u00f3logo (3), terapeuta ocupacional (1), professor de educa\u00e7\u00e3o infantil (15), professor ensino fundamental I anos iniciais (67), professor de arte (4), professor de educa\u00e7\u00e3o f\u00edsica ed.infantil e ens. fundamental (1), professor de l\u00edngua portuguesa ensino fundamental II (1), professor de apoio educa\u00e7\u00e3o especial (10), professor de apoio at. espec\u00edfico braille e\/ou libras (1), professor de educa\u00e7\u00e3o especial sala de recursos multifuncional (4).<\/p>\n\n\n\n<p>As vagas para cargos de n\u00edvel m\u00e9dio s\u00e3o para assistente administrativo (15), entrevistador social (3), t\u00e9cnico em contabilidade (1), t\u00e9cnico em inform\u00e1tica (1), t\u00e9cnico em inform\u00e1tica (1), t\u00e9cnico em laborat\u00f3rio (1), visitador domiciliar (3), agente de vigil\u00e2ncia sanit\u00e1ria (2), atendente de sa\u00fade (4), auxiliar de sa\u00fade bucal (3), t\u00e9cnico em <a href=\"https:\/\/midiamax.uol.com.br\/tag\/enfermagem\/\">enfermagem<\/a> (7), t\u00e9cnico em sa\u00fade bucal (3), t\u00e9cnico em radiologia (1).<\/p>\n\n\n\n<p>As vagas para cargos de n\u00edvel m\u00e9dio para a Educa\u00e7\u00e3o: educador infantil (20); cargos de n\u00edvel fundamental completo: inspetor de aluno (2), inspetor escolar (2), motorista de transporte escolar (3), agente comunit\u00e1rio de sa\u00fade (7), agente de combate a endemias (5).<\/p>\n\n\n\n<p>As vagas para cargos de n\u00edvel fundamental incompleto: motorista (8), auxiliar de cozinha (7), auxiliar de servi\u00e7os gerais (30), carpinteiro (2), cozinheiro (7), eletricista (2), encanador (2), gari (10), operador de servi\u00e7os diversos (5), pedreiro (2), pintor (2), vigia (6), zelador (15).<\/p>\n\n\n\n<p><strong><em>Fonte: Midiamais<\/em><\/strong><\/p>\n","protected":false},"excerpt":{"rendered":"<p>A Prefeitura de Jardim, a 239 km de Campo Grande, lan\u00e7ou um concurso p\u00fablico para cargos efetivos com 320 vagas,<\/p>\n","protected":false},"author":1,"featured_media":3795,"comment_status":"open","ping_status":"open","sticky":false,"template":"","format":"standard","meta":{"footnotes":""},"categories":[2],"tags":[],"class_list":["post-3794","post","type-post","status-publish","format-standard","has-post-thumbnail","hentry","category-noticias"],"_links":{"self":[{"href":"https:\/\/jornaloalvorada.com.br\/site\/wp-json\/wp\/v2\/posts\/3794","targetHints":{"allow":["GET"]}}],"collection":[{"href":"https:\/\/jornaloalvorada.com.br\/site\/wp-json\/wp\/v2\/posts"}],"about":[{"href":"https:\/\/jornaloalvorada.com.br\/site\/wp-json\/wp\/v2\/types\/post"}],"author":[{"embeddable":true,"href":"https:\/\/jornaloalvorada.com.br\/site\/wp-json\/wp\/v2\/users\/1"}],"replies":[{"embeddable":true,"href":"https:\/\/jornaloalvorada.com.br\/site\/wp-json\/wp\/v2\/comments?post=3794"}],"version-history":[{"count":1,"href":"https:\/\/jornaloalvorada.com.br\/site\/wp-json\/wp\/v2\/posts\/3794\/revisions"}],"predecessor-version":[{"id":3796,"href":"https:\/\/jornaloalvorada.com.br\/site\/wp-json\/wp\/v2\/posts\/3794\/revisions\/3796"}],"wp:featuredmedia":[{"embeddable":true,"href":"https:\/\/jornaloalvorada.com.br\/site\/wp-json\/wp\/v2\/media\/3795"}],"wp:attachment":[{"href":"https:\/\/jornaloalvorada.com.br\/site\/wp-json\/wp\/v2\/media?parent=3794"}],"wp:term":[{"taxonomy":"category","embeddable":true,"href":"https:\/\/jornaloalvorada.com.br\/site\/wp-json\/wp\/v2\/categories?post=3794"},{"taxonomy":"post_tag","embeddable":true,"href":"https:\/\/jornaloalvorada.com.br\/site\/wp-json\/wp\/v2\/tags?post=3794"}],"curies":[{"name":"wp","href":"https:\/\/api.w.org\/{rel}","templated":true}]}}