{"id":3791,"date":"2023-11-23T16:18:19","date_gmt":"2023-11-23T20:18:19","guid":{"rendered":"https:\/\/jornaloalvorada.com.br\/site\/?p=3791"},"modified":"2023-11-23T16:18:25","modified_gmt":"2023-11-23T20:18:25","slug":"prefeito-paleari-recebe-jose-marcos-calderan-prefeito-de-maracaju","status":"publish","type":"post","link":"https:\/\/jornaloalvorada.com.br\/site\/2023\/11\/23\/prefeito-paleari-recebe-jose-marcos-calderan-prefeito-de-maracaju\/","title":{"rendered":"Prefeito Paleari recebe Jos\u00e9 Marcos Calderan, prefeito de Maracaju"},"content":{"rendered":"\n<p>&#8220;Recebi hoje no munic\u00edpio o Prefeito de Maracaju, Marcos Calderan, onde na oportunidade pude mostrar a estrutura da nossa feira do produtor&#8221;. Diz Prefeito Paleari.<\/p>\n\n\n\n<p>&#8220;Fiquei muito feliz em poder compartilhar com o prefeito Caldeiran esse importante projeto, que vem para fortalecer a agricultura familiar e promover o desenvolvimento econ\u00f4mico do nosso munic\u00edpio&#8221;.<\/p>\n\n\n\n<p>&#8220;A nossa feira do produtor Antenor Ferreira Maciel, est\u00e1 localizada em um espa\u00e7o amplo e bem localizado, com toda a infraestrutura necess\u00e1ria para receber os produtores e os consumidores. O local conta com estacionamento, banheiros, palco para apresenta\u00e7\u00f5es culturais e um espa\u00e7o para a comercializa\u00e7\u00e3o de produtos org\u00e2nicos&#8221;.<\/p>\n","protected":false},"excerpt":{"rendered":"<p>&#8220;Recebi hoje no munic\u00edpio o Prefeito de Maracaju, Marcos Calderan, onde na oportunidade pude mostrar a estrutura da nossa feira<\/p>\n","protected":false},"author":1,"featured_media":3792,"comment_status":"open","ping_status":"open","sticky":false,"template":"","format":"standard","meta":{"footnotes":""},"categories":[2],"tags":[],"class_list":["post-3791","post","type-post","status-publish","format-standard","has-post-thumbnail","hentry","category-noticias"],"_links":{"self":[{"href":"https:\/\/jornaloalvorada.com.br\/site\/wp-json\/wp\/v2\/posts\/3791","targetHints":{"allow":["GET"]}}],"collection":[{"href":"https:\/\/jornaloalvorada.com.br\/site\/wp-json\/wp\/v2\/posts"}],"about":[{"href":"https:\/\/jornaloalvorada.com.br\/site\/wp-json\/wp\/v2\/types\/post"}],"author":[{"embeddable":true,"href":"https:\/\/jornaloalvorada.com.br\/site\/wp-json\/wp\/v2\/users\/1"}],"replies":[{"embeddable":true,"href":"https:\/\/jornaloalvorada.com.br\/site\/wp-json\/wp\/v2\/comments?post=3791"}],"version-history":[{"count":1,"href":"https:\/\/jornaloalvorada.com.br\/site\/wp-json\/wp\/v2\/posts\/3791\/revisions"}],"predecessor-version":[{"id":3793,"href":"https:\/\/jornaloalvorada.com.br\/site\/wp-json\/wp\/v2\/posts\/3791\/revisions\/3793"}],"wp:featuredmedia":[{"embeddable":true,"href":"https:\/\/jornaloalvorada.com.br\/site\/wp-json\/wp\/v2\/media\/3792"}],"wp:attachment":[{"href":"https:\/\/jornaloalvorada.com.br\/site\/wp-json\/wp\/v2\/media?parent=3791"}],"wp:term":[{"taxonomy":"category","embeddable":true,"href":"https:\/\/jornaloalvorada.com.br\/site\/wp-json\/wp\/v2\/categories?post=3791"},{"taxonomy":"post_tag","embeddable":true,"href":"https:\/\/jornaloalvorada.com.br\/site\/wp-json\/wp\/v2\/tags?post=3791"}],"curies":[{"name":"wp","href":"https:\/\/api.w.org\/{rel}","templated":true}]}}