{"id":3787,"date":"2023-11-23T08:09:00","date_gmt":"2023-11-23T12:09:00","guid":{"rendered":"https:\/\/jornaloalvorada.com.br\/site\/?p=3787"},"modified":"2023-11-23T09:10:16","modified_gmt":"2023-11-23T13:10:16","slug":"previsao-de-tempo-instavel-e-probabilidade-de-chuvas-para-esta-quinta-feira","status":"publish","type":"post","link":"https:\/\/jornaloalvorada.com.br\/site\/2023\/11\/23\/previsao-de-tempo-instavel-e-probabilidade-de-chuvas-para-esta-quinta-feira\/","title":{"rendered":"Previs\u00e3o de tempo inst\u00e1vel e probabilidade de chuvas para esta quinta-feira"},"content":{"rendered":"\n<p>A previs\u00e3o do Cemtec (Centro de Monitoramento do Tempo e do Clima) para esta quinta-feira (23) indica continuidade do tempo inst\u00e1vel, com probabilidade de chuvas e, localmente, tempestades acompanhadas de raios e rajadas de vento. Os maiores acumulados de chuvas s\u00e3o esperados para as regi\u00f5es sul, sudeste, leste e sudoeste do Estado.<\/p>\n\n\n\n<p>Em Campo Grande, os term\u00f4metros registram 23\u00b0C inicialmente e podem atingir os 29\u00b0C ao longo do dia. Em Dourados, a m\u00ednima \u00e9 de 25\u00b0C e a m\u00e1xima de 31\u00b0C. Ponta Por\u00e3 e Anauril\u00e2ndia, nas regi\u00f5es Sul e Leste, amanhecem com 23\u00b0C e marcam, respectivamente, 29\u00b0 e 31\u00b0C no per\u00edodo da tarde.<\/p>\n\n\n\n<p>Na regi\u00e3o do Bols\u00e3o, Parana\u00edba e Tr\u00eas Lagoas apresentam m\u00e1ximas de 32\u00b0C, com m\u00ednimas de 23\u00b0C e 24\u00b0C, respectivamente. No Norte, Coxim e Camapu\u00e3 registram temperaturas semelhantes, com varia\u00e7\u00e3o entre 23\u00b0C e 30\u00b0C.<\/p>\n\n\n\n<p>Em Corumb\u00e1 e Aquidauana, na regi\u00e3o pantaneira, os term\u00f4metros tamb\u00e9m marcam valores iguais, com 26\u00b0C pela manh\u00e3 e 32\u00b0C \u00e0 tarde. No Sudoeste do estado, Porto Murtinho registra a temperatura mais alta do dia, com m\u00ednima de 26\u00b0C e m\u00e1xima de 35\u00b0C.<\/p>\n\n\n\n<p><em>Heloisa Duim, Programa de Est\u00e1gio Supervisionado<\/em><br><em>Foto: \u00c1lvaro Rezende<\/em><\/p>\n","protected":false},"excerpt":{"rendered":"<p>A previs\u00e3o do Cemtec (Centro de Monitoramento do Tempo e do Clima) para esta quinta-feira (23) indica continuidade do tempo<\/p>\n","protected":false},"author":1,"featured_media":2561,"comment_status":"open","ping_status":"open","sticky":false,"template":"","format":"standard","meta":{"footnotes":""},"categories":[2],"tags":[],"class_list":["post-3787","post","type-post","status-publish","format-standard","has-post-thumbnail","hentry","category-noticias"],"_links":{"self":[{"href":"https:\/\/jornaloalvorada.com.br\/site\/wp-json\/wp\/v2\/posts\/3787","targetHints":{"allow":["GET"]}}],"collection":[{"href":"https:\/\/jornaloalvorada.com.br\/site\/wp-json\/wp\/v2\/posts"}],"about":[{"href":"https:\/\/jornaloalvorada.com.br\/site\/wp-json\/wp\/v2\/types\/post"}],"author":[{"embeddable":true,"href":"https:\/\/jornaloalvorada.com.br\/site\/wp-json\/wp\/v2\/users\/1"}],"replies":[{"embeddable":true,"href":"https:\/\/jornaloalvorada.com.br\/site\/wp-json\/wp\/v2\/comments?post=3787"}],"version-history":[{"count":1,"href":"https:\/\/jornaloalvorada.com.br\/site\/wp-json\/wp\/v2\/posts\/3787\/revisions"}],"predecessor-version":[{"id":3788,"href":"https:\/\/jornaloalvorada.com.br\/site\/wp-json\/wp\/v2\/posts\/3787\/revisions\/3788"}],"wp:featuredmedia":[{"embeddable":true,"href":"https:\/\/jornaloalvorada.com.br\/site\/wp-json\/wp\/v2\/media\/2561"}],"wp:attachment":[{"href":"https:\/\/jornaloalvorada.com.br\/site\/wp-json\/wp\/v2\/media?parent=3787"}],"wp:term":[{"taxonomy":"category","embeddable":true,"href":"https:\/\/jornaloalvorada.com.br\/site\/wp-json\/wp\/v2\/categories?post=3787"},{"taxonomy":"post_tag","embeddable":true,"href":"https:\/\/jornaloalvorada.com.br\/site\/wp-json\/wp\/v2\/tags?post=3787"}],"curies":[{"name":"wp","href":"https:\/\/api.w.org\/{rel}","templated":true}]}}