{"id":3780,"date":"2023-11-22T15:55:33","date_gmt":"2023-11-22T19:55:33","guid":{"rendered":"https:\/\/jornaloalvorada.com.br\/site\/?p=3780"},"modified":"2023-11-22T15:55:39","modified_gmt":"2023-11-22T19:55:39","slug":"veja-o-carro-voador-brasileiro-do-ceara-apresentado-em-evento-de-aviacao","status":"publish","type":"post","link":"https:\/\/jornaloalvorada.com.br\/site\/2023\/11\/22\/veja-o-carro-voador-brasileiro-do-ceara-apresentado-em-evento-de-aviacao\/","title":{"rendered":"Veja o carro voador brasileiro, do Cear\u00e1, apresentado em evento de avia\u00e7\u00e3o"},"content":{"rendered":"\n<p>O carro voador 100% brasileiro est\u00e1 perto de realizar seus primeiros voos. Ele foi apresentado naLabace 2023, um dos mais importantes eventos da avia\u00e7\u00e3o no pa\u00eds e promete ser uma op\u00e7\u00e3o acess\u00edvel e silenciosa.<\/p>\n\n\n\n<p>O Genesis X1 est\u00e1 sendo desenvolvido pelaVertical Connect, uma startup de mobilidade do Cear\u00e1.<\/p>\n\n\n\n<p>\u00c9 um modelo do segmento de eVTOLs (ve\u00edculos el\u00e9tricos de pouso e decolagem verticais), popularmente conhecidos como \u201ccarros voadores\u201d.<\/p>\n\n\n\n<p><strong>Voos urbanos<\/strong><\/p>\n\n\n\n<p>O Genesis X1 (G-X1) est\u00e1 sendo planejado para voosurbanose poder\u00e1 levar duas pessoas a bordo, o piloto e passageiro.<\/p>\n\n\n\n<p>O G-X1 tamb\u00e9m ter\u00e1 pilotagem aut\u00f4noma. A velocidade m\u00e1xima ser\u00e1 de 130 km\/h.<\/p>\n\n\n\n<p>Vai voar a 1.640 metros de altitude de cruzeiro e fuselagem a partir de um composto de fibra de carbono.<\/p>\n\n\n\n<p>Ele ter\u00e1 16 rotores el\u00e9tricos funcionando juntos a um sistema de prote\u00e7\u00e3o el\u00e9trica distribu\u00edda,p\u00e1ra-quedasbal\u00edsticos e outros recursos importantes.<\/p>\n\n\n\n<p><strong>Autonomia do carro voador brasileiro<\/strong><\/p>\n\n\n\n<p>O eVTOL conta com at\u00e9 60 minutos de voo entre uma carga e outra.<\/p>\n\n\n\n<p>O tempo de dura\u00e7\u00e3o do carregamento completo, segundo a startup, \u00e9 de uma hora.<\/p>\n\n\n\n<p><strong>Rival brasileiro da Embraer<\/strong><\/p>\n\n\n\n<p>O Genesis X1 est\u00e1 recebendo apoio de institui\u00e7\u00f5es p\u00fablicas, como os governos do Cear\u00e1 e Federal para ser constru\u00eddo.<\/p>\n\n\n\n<p>A expectativa \u00e9 de que seja homologado em breve junto \u00e0 ANAC (Ag\u00eancia Nacional de Avia\u00e7\u00e3o Civil).<\/p>\n\n\n\n<p>A startup Vertical Connect pretende fazer os primeiros voos de teste do G-X1 em 2024, no Cear\u00e1.<\/p>\n\n\n\n<p>E j\u00e1 tem planos para desenvolver outros modelos voadores para pulveriza\u00e7\u00e3o no setoragr\u00edcola, servi\u00e7os de emerg\u00eancia hospitalar nos centros urbanos, policiamento e entregas.<\/p>\n\n\n\n<p>Esse segmento de carros voadores vem tendo destaque no mundo inteiro e no Brasil tamb\u00e9m, como tem mostrado aEve Air Mobility, subsidi\u00e1ria da Embraer especializada em eVTOLs.<\/p>\n\n\n\n<figure class=\"wp-block-image\"><img decoding=\"async\" src=\"https:\/\/d281e75zdqqlon.cloudfront.net\/media\/wp-content\/uploads\/2023\/11\/carro-voador-interna-e1700652633550.jpeg\" alt=\"As especifica\u00e7\u00f5es do Genesis X1, o carro voador 100% brasileiro. - Foto: divulga\u00e7\u00e3o\"\/><\/figure>\n\n\n\n<p>Veja no link abaixo a apresenta\u00e7\u00e3o do Genesis X1 na Labace 2023:<\/p>\n\n\n\n<p><a href=\"https:\/\/www.instagram.com\/vertical.connect\/?utm_source=ig_embed&amp;ig_rid=0ee8b848-bff6-44c0-af06-e36fd8286988\">https:\/\/www.instagram.com\/vertical.connect\/?utm_source=ig_embed&amp;ig_rid=0ee8b848-bff6-44c0-af06-e36fd8286988<\/a><\/p>\n\n\n\n<p><em><strong>FONTE: terrabrasilnoticias.com<\/strong><\/em><\/p>\n","protected":false},"excerpt":{"rendered":"<p>O carro voador 100% brasileiro est\u00e1 perto de realizar seus primeiros voos. Ele foi apresentado naLabace 2023, um dos mais<\/p>\n","protected":false},"author":1,"featured_media":3781,"comment_status":"open","ping_status":"open","sticky":false,"template":"","format":"standard","meta":{"footnotes":""},"categories":[3],"tags":[],"class_list":["post-3780","post","type-post","status-publish","format-standard","has-post-thumbnail","hentry","category-social"],"_links":{"self":[{"href":"https:\/\/jornaloalvorada.com.br\/site\/wp-json\/wp\/v2\/posts\/3780","targetHints":{"allow":["GET"]}}],"collection":[{"href":"https:\/\/jornaloalvorada.com.br\/site\/wp-json\/wp\/v2\/posts"}],"about":[{"href":"https:\/\/jornaloalvorada.com.br\/site\/wp-json\/wp\/v2\/types\/post"}],"author":[{"embeddable":true,"href":"https:\/\/jornaloalvorada.com.br\/site\/wp-json\/wp\/v2\/users\/1"}],"replies":[{"embeddable":true,"href":"https:\/\/jornaloalvorada.com.br\/site\/wp-json\/wp\/v2\/comments?post=3780"}],"version-history":[{"count":1,"href":"https:\/\/jornaloalvorada.com.br\/site\/wp-json\/wp\/v2\/posts\/3780\/revisions"}],"predecessor-version":[{"id":3782,"href":"https:\/\/jornaloalvorada.com.br\/site\/wp-json\/wp\/v2\/posts\/3780\/revisions\/3782"}],"wp:featuredmedia":[{"embeddable":true,"href":"https:\/\/jornaloalvorada.com.br\/site\/wp-json\/wp\/v2\/media\/3781"}],"wp:attachment":[{"href":"https:\/\/jornaloalvorada.com.br\/site\/wp-json\/wp\/v2\/media?parent=3780"}],"wp:term":[{"taxonomy":"category","embeddable":true,"href":"https:\/\/jornaloalvorada.com.br\/site\/wp-json\/wp\/v2\/categories?post=3780"},{"taxonomy":"post_tag","embeddable":true,"href":"https:\/\/jornaloalvorada.com.br\/site\/wp-json\/wp\/v2\/tags?post=3780"}],"curies":[{"name":"wp","href":"https:\/\/api.w.org\/{rel}","templated":true}]}}