{"id":3777,"date":"2023-11-22T15:48:40","date_gmt":"2023-11-22T19:48:40","guid":{"rendered":"https:\/\/jornaloalvorada.com.br\/site\/?p=3777"},"modified":"2023-11-22T15:48:43","modified_gmt":"2023-11-22T19:48:43","slug":"mais-de-200-muculmanos-se-convertem-apos-sonharem-com-jesus-na-mesma-noite-em-gaza","status":"publish","type":"post","link":"https:\/\/jornaloalvorada.com.br\/site\/2023\/11\/22\/mais-de-200-muculmanos-se-convertem-apos-sonharem-com-jesus-na-mesma-noite-em-gaza\/","title":{"rendered":"Mais de 200 mu\u00e7ulmanos se convertem ap\u00f3s sonharem com Jesus na mesma noite em Gaza"},"content":{"rendered":"\n<p><div class=\"container\" dir=\"ltr\" lang=\"pt_BR\"><div class=\"content\"><div class=\"moz-reader-content reader-show-element\"><div id=\"readability-page-1\" class=\"page\"><div>             <p>Recentemente, mais de 200 mu\u00e7ulmanos na Faixa de Gaza  tomaram a decis\u00e3o de se converter ao cristianismo ap\u00f3s relatarem terem  sonhado com Jesus na mesma noite, em meio ao conflito em Israel. O  professor de teologia da Huston Christian University e presidente do  minist\u00e9rio Risen Jesus, Michael Licona, compartilhou esse movimento  sobrenatural em suas redes sociais, destacando a atua\u00e7\u00e3o de minist\u00e9rios  crist\u00e3os clandestinos na regi\u00e3o. <\/p>                                                                                    <p>Segundo Licona, esses minist\u00e9rios realizaram atividades humanit\u00e1rias,  oferecendo ajuda a pais palestinos que perderam seus filhos no  conflito. Al\u00e9m disso, eles compartilharam a mensagem de esperan\u00e7a do  Evangelho, proporcionando momentos de leitura da B\u00edblia e abordando o  caminho da paz por meio de Jesus. <\/p>                      <p>De acordo com CBN News, o professor expressou sua gratid\u00e3o por ver a  interven\u00e7\u00e3o divina acontecendo em meio \u00e0 guerra, ressaltando que Deus  est\u00e1 agindo mesmo nas circunst\u00e2ncias mais dif\u00edceis. Ele encorajou os  crist\u00e3os a orarem n\u00e3o apenas pela situa\u00e7\u00e3o em Israel, mas tamb\u00e9m pelos  palestinos inocentes que est\u00e3o sofrendo no conflito. <\/p>                                                                                    <p>Licona compartilhou sua perspectiva sobre a guerra em Israel,  expressando seu apoio a Israel no conflito, n\u00e3o apenas por raz\u00f5es  teol\u00f3gicas, mas por considerar o Hamas e seus apoiadores como agentes do  mal. Ele tamb\u00e9m reconheceu que nem todos os palestinos apoiam o Hamas e  destacou a import\u00e2ncia de orar pela paz na regi\u00e3o. <\/p>                      <p>No final de sua mensagem, o professor apelou por ora\u00e7\u00f5es pela r\u00e1pida  conclus\u00e3o da guerra e expressou a esperan\u00e7a de que Israel possa eliminar  a amea\u00e7a representada pelo Hamas, proporcionando liberdade aos  palestinos. <\/p>                                                                                    <p><strong>Gospel Prime<\/strong> <\/p>                                   <\/div><\/div><\/div><\/div><\/div><\/p>\n\n\n\n<p><em><strong>FONTE: terrabrasilnoticias.com<\/strong><\/em><\/p>\n","protected":false},"excerpt":{"rendered":"<p>Recentemente, mais de 200 mu\u00e7ulmanos na Faixa de Gaza tomaram a decis\u00e3o de se converter ao cristianismo ap\u00f3s relatarem terem<\/p>\n","protected":false},"author":1,"featured_media":3778,"comment_status":"open","ping_status":"open","sticky":false,"template":"","format":"standard","meta":{"footnotes":""},"categories":[3],"tags":[],"class_list":["post-3777","post","type-post","status-publish","format-standard","has-post-thumbnail","hentry","category-social"],"_links":{"self":[{"href":"https:\/\/jornaloalvorada.com.br\/site\/wp-json\/wp\/v2\/posts\/3777","targetHints":{"allow":["GET"]}}],"collection":[{"href":"https:\/\/jornaloalvorada.com.br\/site\/wp-json\/wp\/v2\/posts"}],"about":[{"href":"https:\/\/jornaloalvorada.com.br\/site\/wp-json\/wp\/v2\/types\/post"}],"author":[{"embeddable":true,"href":"https:\/\/jornaloalvorada.com.br\/site\/wp-json\/wp\/v2\/users\/1"}],"replies":[{"embeddable":true,"href":"https:\/\/jornaloalvorada.com.br\/site\/wp-json\/wp\/v2\/comments?post=3777"}],"version-history":[{"count":1,"href":"https:\/\/jornaloalvorada.com.br\/site\/wp-json\/wp\/v2\/posts\/3777\/revisions"}],"predecessor-version":[{"id":3779,"href":"https:\/\/jornaloalvorada.com.br\/site\/wp-json\/wp\/v2\/posts\/3777\/revisions\/3779"}],"wp:featuredmedia":[{"embeddable":true,"href":"https:\/\/jornaloalvorada.com.br\/site\/wp-json\/wp\/v2\/media\/3778"}],"wp:attachment":[{"href":"https:\/\/jornaloalvorada.com.br\/site\/wp-json\/wp\/v2\/media?parent=3777"}],"wp:term":[{"taxonomy":"category","embeddable":true,"href":"https:\/\/jornaloalvorada.com.br\/site\/wp-json\/wp\/v2\/categories?post=3777"},{"taxonomy":"post_tag","embeddable":true,"href":"https:\/\/jornaloalvorada.com.br\/site\/wp-json\/wp\/v2\/tags?post=3777"}],"curies":[{"name":"wp","href":"https:\/\/api.w.org\/{rel}","templated":true}]}}