{"id":3762,"date":"2023-11-22T15:50:53","date_gmt":"2023-11-22T19:50:53","guid":{"rendered":"https:\/\/jornaloalvorada.com.br\/site\/?p=3762"},"modified":"2023-11-24T16:16:30","modified_gmt":"2023-11-24T20:16:30","slug":"a-prefeitura-convida-populacao-para-inauguracao-do-centro-de-convivencia-da-pessoa-idosa-maria-alzerina-alves","status":"publish","type":"post","link":"https:\/\/jornaloalvorada.com.br\/site\/2023\/11\/22\/a-prefeitura-convida-populacao-para-inauguracao-do-centro-de-convivencia-da-pessoa-idosa-maria-alzerina-alves\/","title":{"rendered":"A Prefeitura convida popula\u00e7\u00e3o para inaugura\u00e7\u00e3o do Centro de Conviv\u00eancia da Pessoa Idosa, Maria Alzerina Alves"},"content":{"rendered":"\n<p>A Prefeitura Municipal tem a alegria de convidar toda a popula\u00e7\u00e3o para a Inaugura\u00e7\u00e3o do CCI &#8211; Centro de Conviv\u00eancia da Pessoa Idosa, Maria Alzerina Alves.<img loading=\"lazy\" decoding=\"async\" width=\"16\" height=\"16\" src=\"https:\/\/static.xx.fbcdn.net\/images\/emoji.php\/v9\/t7e\/1\/16\/1f4c5.png\" alt=\"\ud83d\udcc5\"> Data: Sexta-feira, 24 de novembro<img loading=\"lazy\" decoding=\"async\" width=\"16\" height=\"16\" src=\"https:\/\/static.xx.fbcdn.net\/images\/emoji.php\/v9\/tae\/1\/16\/1f556.png\" alt=\"\ud83d\udd56\"> Hor\u00e1rio: A partir das 18 horasVenha fazer parte desse momento especial para nossos idosos<img loading=\"lazy\" decoding=\"async\" width=\"16\" height=\"16\" src=\"https:\/\/static.xx.fbcdn.net\/images\/emoji.php\/v9\/t2a\/1\/16\/1f475.png\" alt=\"\ud83d\udc75\"><img loading=\"lazy\" decoding=\"async\" width=\"16\" height=\"16\" src=\"https:\/\/static.xx.fbcdn.net\/images\/emoji.php\/v9\/ta9\/1\/16\/1f474.png\" alt=\"\ud83d\udc74\"><img loading=\"lazy\" decoding=\"async\" width=\"16\" height=\"16\" src=\"https:\/\/static.xx.fbcdn.net\/images\/emoji.php\/v9\/t6c\/1\/16\/1f499.png\" alt=\"\ud83d\udc99\"><\/p>\n\n\n\n<iframe loading=\"lazy\" src=\"https:\/\/www.facebook.com\/plugins\/video.php?height=313&#038;href=https%3A%2F%2Fwww.facebook.com%2FAlvoradaInforma%2Fvideos%2F1456369684937557%2F&#038;show_text=false&#038;width=560&#038;t=0\" width=\"560\" height=\"313\" style=\"border:none;overflow:hidden\" scrolling=\"no\" frameborder=\"0\" allowfullscreen=\"true\" allow=\"autoplay; clipboard-write; encrypted-media; picture-in-picture; web-share\" allowFullScreen=\"true\"><\/iframe>\n","protected":false},"excerpt":{"rendered":"<p>A Prefeitura Municipal tem a alegria de convidar toda a popula\u00e7\u00e3o para a Inaugura\u00e7\u00e3o do CCI &#8211; Centro de Conviv\u00eancia<\/p>\n","protected":false},"author":1,"featured_media":3763,"comment_status":"open","ping_status":"open","sticky":false,"template":"","format":"standard","meta":{"footnotes":""},"categories":[2],"tags":[],"class_list":["post-3762","post","type-post","status-publish","format-standard","has-post-thumbnail","hentry","category-noticias"],"_links":{"self":[{"href":"https:\/\/jornaloalvorada.com.br\/site\/wp-json\/wp\/v2\/posts\/3762","targetHints":{"allow":["GET"]}}],"collection":[{"href":"https:\/\/jornaloalvorada.com.br\/site\/wp-json\/wp\/v2\/posts"}],"about":[{"href":"https:\/\/jornaloalvorada.com.br\/site\/wp-json\/wp\/v2\/types\/post"}],"author":[{"embeddable":true,"href":"https:\/\/jornaloalvorada.com.br\/site\/wp-json\/wp\/v2\/users\/1"}],"replies":[{"embeddable":true,"href":"https:\/\/jornaloalvorada.com.br\/site\/wp-json\/wp\/v2\/comments?post=3762"}],"version-history":[{"count":1,"href":"https:\/\/jornaloalvorada.com.br\/site\/wp-json\/wp\/v2\/posts\/3762\/revisions"}],"predecessor-version":[{"id":3764,"href":"https:\/\/jornaloalvorada.com.br\/site\/wp-json\/wp\/v2\/posts\/3762\/revisions\/3764"}],"wp:featuredmedia":[{"embeddable":true,"href":"https:\/\/jornaloalvorada.com.br\/site\/wp-json\/wp\/v2\/media\/3763"}],"wp:attachment":[{"href":"https:\/\/jornaloalvorada.com.br\/site\/wp-json\/wp\/v2\/media?parent=3762"}],"wp:term":[{"taxonomy":"category","embeddable":true,"href":"https:\/\/jornaloalvorada.com.br\/site\/wp-json\/wp\/v2\/categories?post=3762"},{"taxonomy":"post_tag","embeddable":true,"href":"https:\/\/jornaloalvorada.com.br\/site\/wp-json\/wp\/v2\/tags?post=3762"}],"curies":[{"name":"wp","href":"https:\/\/api.w.org\/{rel}","templated":true}]}}