{"id":3759,"date":"2023-11-22T10:47:00","date_gmt":"2023-11-22T14:47:00","guid":{"rendered":"https:\/\/jornaloalvorada.com.br\/site\/?p=3759"},"modified":"2023-11-22T10:47:02","modified_gmt":"2023-11-22T14:47:02","slug":"com-cinco-indicacoes-mato-grosso-do-sul-e-destaque-no-premio-nacional-do-turismo-2023","status":"publish","type":"post","link":"https:\/\/jornaloalvorada.com.br\/site\/2023\/11\/22\/com-cinco-indicacoes-mato-grosso-do-sul-e-destaque-no-premio-nacional-do-turismo-2023\/","title":{"rendered":"Com cinco indica\u00e7\u00f5es, Mato Grosso do Sul \u00e9 destaque no Pr\u00eamio Nacional do Turismo 2023"},"content":{"rendered":"\n<p>Mais uma vez Mato Grosso do Sul \u00e9 destaque no turismo nacional, desta vez com cinco indica\u00e7\u00f5es para o Pr\u00eamio Nacional do Turismo 2023, dentro de \u2018Iniciativas de Destaque no Turismo\u2019 e \u2018Profissionais de Destaque no Turismo\u2019.<\/p>\n\n\n\n<p>O diretor-presidente da FundturMS, Bruno Wendling, que foi indicado em Profissionais de Destaque no Turismo, na categoria Governo \u2013 Dirigentes e Parlamentares, fala sobre as indica\u00e7\u00f5es de Mato Grosso do Sul.<\/p>\n\n\n\n<p>\u201cEstamos muito felizes com os resultados dos finalistas do Pr\u00eamio Nacional do Turismo, principalmente porque Mato Grosso do Sul \u00e9 o Estado com o maior n\u00famero de finalistas nas categorias de governo e iniciativas privadas. MS tem dois atrativos e duas iniciativas da Funda\u00e7\u00e3o de Turismo de MS finalistas do pr\u00eamio. Al\u00e9m disso tamb\u00e9m sou finalista mais uma vez, o \u00fanico profissional do turismo finalista em tr\u00eas edi\u00e7\u00f5es seguidas. Fico muito feliz com esse reconhecimento, pois \u00e9 o resultado do trabalho que todo o time da FundturMS vem desenvolvendo ao longo dos \u00faltimos anos\u201d, enaltece o diretor-presidente.<\/p>\n\n\n\n<p>Al\u00e9m da indica\u00e7\u00e3o de Wendling, o turismo de MS teve mais quatro indica\u00e7\u00f5es de Entidade\/\u00f3rg\u00e3o\/empreendimento nas Iniciativas de Destaque no Turismo. A Funda\u00e7\u00e3o de Turismo de Mato Grosso do Sul foi indicada com as iniciativas \u201cApoio e Profissionaliza\u00e7\u00e3o das Inst\u00e2ncias de Governan\u00e7a Regional (IGRs) do Estado de MS, na categoria 01 \u2013 Governan\u00e7a e Gest\u00e3o do Turismo; e tamb\u00e9m com a iniciativa \u2018Bonito\/MS: 1\u00ba destino de ecoturismo carbono neutro do mundo\u2019 na categoria 03 \u2013 Turismo Sustent\u00e1vel e A\u00e7\u00f5es de Mitiga\u00e7\u00e3o e Adapta\u00e7\u00e3o \u00e0s Mudan\u00e7as Clim\u00e1ticas.<\/p>\n\n\n<div class=\"wp-block-image\">\n<figure class=\"alignright\"><a href=\"https:\/\/www.turismo.ms.gov.br\/wp-content\/uploads\/2023\/02\/Bruno-Wendling-relancamento-Marca-Brasil-foto-embratur.jpeg\"><img decoding=\"async\" src=\"https:\/\/www.turismo.ms.gov.br\/wp-content\/uploads\/2023\/02\/Bruno-Wendling-relancamento-Marca-Brasil-foto-embratur.jpeg\" alt=\"\" class=\"wp-image-10809\"\/><\/a><\/figure>\n<\/div>\n\n\n<p>O atrativo Est\u00e2ncia Mimosa Ecoturismo LTDA foi indicado com a iniciativa \u2018Est\u00e2ncia Mimosa: 1\u00ba atrativo de ecoturismo do mundo a receber certifica\u00e7\u00e3o Climate Positive\u2019, na categoria 03 \u2013 Turismo Sustent\u00e1vel e A\u00e7\u00f5es de Mitiga\u00e7\u00e3o e Adapta\u00e7\u00e3o \u00e0s Mudan\u00e7as Clim\u00e1ticas.<\/p>\n\n\n\n<p>J\u00e1 o atrativo Buraco das Araras Ecoturismo foi indicado com a iniciativa Empreendimento Tur\u00edstico Buraco das Araras, na categoria 06 \u2013 Valoriza\u00e7\u00e3o do Patrim\u00f4nio Natural no Turismo.<\/p>\n\n\n\n<p><strong>O Pr\u00eamio<\/strong><\/p>\n\n\n\n<p>O \u2018Pr\u00eamio Nacional do Turismo 2023: o turismo transformando vidas\u2019 \u00e9 o&nbsp;reconhecimento de quem faz o turismo brasileiro crescer e fortalecer como um dos segmentos econ\u00f4micos com maior potencial para gera\u00e7\u00e3o de emprego e renda no Brasil, bem como&nbsp;para promo\u00e7\u00e3o da inclus\u00e3o social e da sustentabilidade ambiental.<\/p>\n\n\n\n<p>Al\u00e9m do reconhecimento, pretende-se fazer com que tais iniciativas sejam disseminadas e replicadas em outros destinos brasileiros, como forma de contribuir para melhorar as condi\u00e7\u00f5es do turismo em seus territ\u00f3rios. Entende-se que o reconhecimento gera engajamento e atua\u00e7\u00e3o em benef\u00edcio do desenvolvimento do setor no Brasil.<\/p>\n\n\n\n<p>Na edi\u00e7\u00e3o de 2023, ser\u00e3o premiadas iniciativas de destaque em 10 categorias. Quanto aos profissionais, ser\u00e3o premiadas 09 categorias. A premia\u00e7\u00e3o possui car\u00e1ter simb\u00f3lico, sem valor comercial ou financeiro, e \u00e9 concedida na forma de trof\u00e9us, entregues aos primeiros colocados de cada modalidade, e certificados, conferidos aos finalistas.<\/p>\n\n\n\n<p>Confira os demais indicados no link <a href=\"http:\/\/www.gov.br\/turismo\/pt-br\/acesso-a-informacao\/acoes-e-programas\/premio-nacional-do-turismo\">www.gov.br\/turismo\/pt-br\/acesso-a-informacao\/acoes-e-programas\/premio-nacional-do-turismo<\/a><\/p>\n\n\n\n<p><strong>Voc\u00ea pode votar<\/strong><\/p>\n\n\n\n<p>Para votar, entre no site <a href=\"https:\/\/inscricaopremio.turismo.gov.br\">https:\/\/inscricaopremio.turismo.gov.br<\/a>. Depois de realizar o login com sua conta do Gov.Br, escolha um dos tr\u00eas finalistas de cada categoria. A vota\u00e7\u00e3o pode ser feita at\u00e9 o dia 1\u00ba de dezembro e a cerim\u00f4nia de entrega do pr\u00eamio aos vencedores ser\u00e1 realizada em 16 de dezembro de 2023, na cidade de Bras\u00edlia\/DF, durante o Sal\u00e3o do Turismo 2023: Conhe\u00e7a o Brasil.<\/p>\n\n\n\n<p><em>D\u00e9bora Bordin, Comunica\u00e7\u00e3o FundturMS *com informa\u00e7\u00f5es do Minist\u00e9rio do Turismo Foto de capa: <\/em><em>Est\u00e2ncia Mimosa Ecoturismo<\/em><\/p>\n","protected":false},"excerpt":{"rendered":"<p>Mais uma vez Mato Grosso do Sul \u00e9 destaque no turismo nacional, desta vez com cinco indica\u00e7\u00f5es para o Pr\u00eamio<\/p>\n","protected":false},"author":1,"featured_media":3760,"comment_status":"open","ping_status":"open","sticky":false,"template":"","format":"standard","meta":{"footnotes":""},"categories":[2],"tags":[],"class_list":["post-3759","post","type-post","status-publish","format-standard","has-post-thumbnail","hentry","category-noticias"],"_links":{"self":[{"href":"https:\/\/jornaloalvorada.com.br\/site\/wp-json\/wp\/v2\/posts\/3759","targetHints":{"allow":["GET"]}}],"collection":[{"href":"https:\/\/jornaloalvorada.com.br\/site\/wp-json\/wp\/v2\/posts"}],"about":[{"href":"https:\/\/jornaloalvorada.com.br\/site\/wp-json\/wp\/v2\/types\/post"}],"author":[{"embeddable":true,"href":"https:\/\/jornaloalvorada.com.br\/site\/wp-json\/wp\/v2\/users\/1"}],"replies":[{"embeddable":true,"href":"https:\/\/jornaloalvorada.com.br\/site\/wp-json\/wp\/v2\/comments?post=3759"}],"version-history":[{"count":1,"href":"https:\/\/jornaloalvorada.com.br\/site\/wp-json\/wp\/v2\/posts\/3759\/revisions"}],"predecessor-version":[{"id":3761,"href":"https:\/\/jornaloalvorada.com.br\/site\/wp-json\/wp\/v2\/posts\/3759\/revisions\/3761"}],"wp:featuredmedia":[{"embeddable":true,"href":"https:\/\/jornaloalvorada.com.br\/site\/wp-json\/wp\/v2\/media\/3760"}],"wp:attachment":[{"href":"https:\/\/jornaloalvorada.com.br\/site\/wp-json\/wp\/v2\/media?parent=3759"}],"wp:term":[{"taxonomy":"category","embeddable":true,"href":"https:\/\/jornaloalvorada.com.br\/site\/wp-json\/wp\/v2\/categories?post=3759"},{"taxonomy":"post_tag","embeddable":true,"href":"https:\/\/jornaloalvorada.com.br\/site\/wp-json\/wp\/v2\/tags?post=3759"}],"curies":[{"name":"wp","href":"https:\/\/api.w.org\/{rel}","templated":true}]}}