{"id":3756,"date":"2023-11-22T10:45:58","date_gmt":"2023-11-22T14:45:58","guid":{"rendered":"https:\/\/jornaloalvorada.com.br\/site\/?p=3756"},"modified":"2023-11-22T10:46:01","modified_gmt":"2023-11-22T14:46:01","slug":"tempo-permanece-instavel-e-previsao-para-esta-quarta-feira-e-de-chuvas-em-ms","status":"publish","type":"post","link":"https:\/\/jornaloalvorada.com.br\/site\/2023\/11\/22\/tempo-permanece-instavel-e-previsao-para-esta-quarta-feira-e-de-chuvas-em-ms\/","title":{"rendered":"Tempo permanece inst\u00e1vel e previs\u00e3o para esta quarta-feira \u00e9 de chuvas em MS"},"content":{"rendered":"\n<p>A previs\u00e3o do Cemtec (Centro de Monitoramento do Tempo e do Clima) indica tempo inst\u00e1vel em grande parte de Mato Grosso do Sul nesta quarta-feira (22). Existe a probabilidade de chuvas e tempestades acompanhadas de raios, rajadas de vento e eventual queda de granizo.<\/p>\n\n\n\n<p>Tais instabilidades ocorrem devido ao intenso fluxo de calor e umidade vindo da Amaz\u00f4nia, aliado a atua\u00e7\u00e3o de uma frente fria oce\u00e2nica. Al\u00e9m disso, a atua\u00e7\u00e3o de uma \u00e1rea de baixa press\u00e3o atmosf\u00e9rica sobre o Paraguai e o deslocamento de cavados favorecem a forma\u00e7\u00e3o de nuvens e chuvas no Estado.<\/p>\n\n\n\n<p>De acordo com o Cemtec, Campo Grande tem m\u00ednima de 24\u00b0C e m\u00e1xima de 32\u00b0C. Em Dourados, os term\u00f4metros iniciam aos 26\u00b0C e podem atingir at\u00e9 35\u00b0C. Em Ponta Por\u00e3, na fronteira com o Paraguai, a m\u00ednima prevista \u00e9 de 23\u00b0C enquanto a m\u00e1xima chega aos 32\u00b0C. Iguatemi e Anauril\u00e2ndia, nas regi\u00f5es Cone-Sul e Leste, ocorrem varia\u00e7\u00f5es entre 23\u00b0C e 33\u00b0C.<\/p>\n\n\n\n<p>Na regi\u00e3o do Bols\u00e3o, Parana\u00edba tem m\u00ednima de 23\u00b0C e m\u00e1xima de 32\u00b0C, j\u00e1 em Tr\u00eas Lagoas, os valores variam entre 24\u00b0C e 33\u00b0C. No norte do estado, Coxim e Camapu\u00e3 registram temperaturas semelhantes, com 23\u00b0C pela manh\u00e3 e 32\u00b0C no per\u00edodo da tarde.<\/p>\n\n\n\n<p>No Pantanal, Aquidauana marca 26\u00b0C inicialmente e atinge os 35\u00b0C, enquanto Corumb\u00e1 tem m\u00ednima de 27\u00b0C e m\u00e1xima de 36\u00b0C. Porto Murtinho, na regi\u00e3o Sudoeste, amanhece com 27\u00b0C e pode chegar at\u00e9 39\u00b0C ao longo do dia.<\/p>\n\n\n\n<p><em>Heloisa Duim, Programa de Est\u00e1gio Supervisionado<\/em> <em>Foto: \u00c1lvaro Rezende<\/em><\/p>\n","protected":false},"excerpt":{"rendered":"<p>A previs\u00e3o do Cemtec (Centro de Monitoramento do Tempo e do Clima) indica tempo inst\u00e1vel em grande parte de Mato<\/p>\n","protected":false},"author":1,"featured_media":3757,"comment_status":"open","ping_status":"open","sticky":false,"template":"","format":"standard","meta":{"footnotes":""},"categories":[2],"tags":[],"class_list":["post-3756","post","type-post","status-publish","format-standard","has-post-thumbnail","hentry","category-noticias"],"_links":{"self":[{"href":"https:\/\/jornaloalvorada.com.br\/site\/wp-json\/wp\/v2\/posts\/3756","targetHints":{"allow":["GET"]}}],"collection":[{"href":"https:\/\/jornaloalvorada.com.br\/site\/wp-json\/wp\/v2\/posts"}],"about":[{"href":"https:\/\/jornaloalvorada.com.br\/site\/wp-json\/wp\/v2\/types\/post"}],"author":[{"embeddable":true,"href":"https:\/\/jornaloalvorada.com.br\/site\/wp-json\/wp\/v2\/users\/1"}],"replies":[{"embeddable":true,"href":"https:\/\/jornaloalvorada.com.br\/site\/wp-json\/wp\/v2\/comments?post=3756"}],"version-history":[{"count":1,"href":"https:\/\/jornaloalvorada.com.br\/site\/wp-json\/wp\/v2\/posts\/3756\/revisions"}],"predecessor-version":[{"id":3758,"href":"https:\/\/jornaloalvorada.com.br\/site\/wp-json\/wp\/v2\/posts\/3756\/revisions\/3758"}],"wp:featuredmedia":[{"embeddable":true,"href":"https:\/\/jornaloalvorada.com.br\/site\/wp-json\/wp\/v2\/media\/3757"}],"wp:attachment":[{"href":"https:\/\/jornaloalvorada.com.br\/site\/wp-json\/wp\/v2\/media?parent=3756"}],"wp:term":[{"taxonomy":"category","embeddable":true,"href":"https:\/\/jornaloalvorada.com.br\/site\/wp-json\/wp\/v2\/categories?post=3756"},{"taxonomy":"post_tag","embeddable":true,"href":"https:\/\/jornaloalvorada.com.br\/site\/wp-json\/wp\/v2\/tags?post=3756"}],"curies":[{"name":"wp","href":"https:\/\/api.w.org\/{rel}","templated":true}]}}