{"id":3752,"date":"2023-11-21T18:14:16","date_gmt":"2023-11-21T22:14:16","guid":{"rendered":"https:\/\/jornaloalvorada.com.br\/site\/?p=3752"},"modified":"2023-11-21T18:14:18","modified_gmt":"2023-11-21T22:14:18","slug":"agencias-da-caixa-abrirao-mais-cedo-amanha-22-veja-o-motivo","status":"publish","type":"post","link":"https:\/\/jornaloalvorada.com.br\/site\/2023\/11\/21\/agencias-da-caixa-abrirao-mais-cedo-amanha-22-veja-o-motivo\/","title":{"rendered":"Ag\u00eancias da CAIXA abrir\u00e3o mais cedo amanh\u00e3 (22); veja o motivo"},"content":{"rendered":"\n<p>Em todo o Brasil, as ag\u00eancias daCaixa Econ\u00f4mica Federalabrir\u00e3o mais cedo nesta quarta-feira (22). A iniciativa faz parte de uma a\u00e7\u00e3o relacionada ao mutir\u00e3o do programa de renegocia\u00e7\u00e3o de d\u00edvidas no Governo Federal, o<strong>Desenrola<\/strong>.<\/p>\n\n\n\n<p>Dessa forma, as unidades da Caixa abrir\u00e3o uma hora antes do hor\u00e1rio normal para receber a popula\u00e7\u00e3o interessada em quitar seus d\u00e9bitos nessa data. A seguir, saiba mais informa\u00e7\u00f5es sobre essa campanha do governo.<\/p>\n\n\n\n<h2 class=\"wp-block-heading\">Ag\u00eancias da CAIXA abrir\u00e3o 1 hora mais cedo na quarta-feira (22)<\/h2>\n\n\n\n<figure class=\"wp-block-image\"><img decoding=\"async\" src=\"https:\/\/seucreditodigital.com.br\/wp-content\/uploads\/2023\/06\/Agencia-Caixa-1-960x720.jpg.webp\" alt=\"fachada de uma ag\u00eancia da Caixa Econ\u00f4mica Federal\"\/><figcaption class=\"wp-element-caption\"><em>Imagem: Lais Monteiro \/ Shutterstock.com<\/em><\/figcaption><\/figure>\n\n\n\n<p>Todas as ag\u00eancias f\u00edsicas da Caixa no pa\u00eds abrir\u00e3o uma hora antes na quarta-feira (22). Assim, com o hor\u00e1rio estendido, ser\u00e1 poss\u00edvel atender \u00e0s demandas do p\u00fablico quanto ao programa Desenrola, assim como fazer a renegocia\u00e7\u00e3o de d\u00edvidas do Fies (Fundo deFinanciamentoEstudantil).<\/p>\n\n\n\n<p>O objetivo \u00e9 aumentar a ades\u00e3o ao Desenrola, j\u00e1 que a participa\u00e7\u00e3o dos inadimplentes aptos a fazer essa renegocia\u00e7\u00e3o est\u00e1 abaixo do esperado pelo mercado. Desde o \u00faltimo dia 20, a nova fase do programa permite renegociar d\u00edvidas de at\u00e9 R$ 20 mil.<\/p>\n\n\n\n<p>O foco da a\u00e7\u00e3o s\u00e3o aqueles que fazem parte da Faixa 1. Sendo assim, est\u00e3o nessa faixa os brasileiros que t\u00eam renda de at\u00e9 dois sal\u00e1rios m\u00ednimos ou s\u00e3o inscritos no Cadastro \u00danico para Programas Sociais do Governo Federal (Cad\u00danico).<\/p>\n\n\n\n<h2 class=\"wp-block-heading\">Mais informa\u00e7\u00f5es sobre o Desenrola<\/h2>\n\n\n\n<p>At\u00e9 a \u00faltima segunda-feira (20), a Caixa j\u00e1 havia renegociado R$ 5,02 bilh\u00f5es em d\u00edvidas por meio do Desenrola. No total, a institui\u00e7\u00e3o financeira atendeu 215,2 mil clientes com a renegocia\u00e7\u00e3o de 273,5 mil contratos comerciais.<\/p>\n\n\n\n<p>Por fim, al\u00e9m do Desenrola e do Fies, vale lembrar que as ag\u00eancias da Caixa abrir\u00e3o mais cedo para atender tamb\u00e9m os interessados em quitar contratos do<a href=\"https:\/\/seucreditodigital.com.br\/minha-casa-minha-vida\/\">Minha Casa, Minha Vida<\/a>, para quem recebe o Benef\u00edcio de Presta\u00e7\u00e3o Continuada (<a href=\"https:\/\/seucreditodigital.com.br\/programas-sociais\/bpc\/\">BPC<\/a>) ou o<a href=\"https:\/\/seucreditodigital.com.br\/programas-sociais\/bolsa-familia\/\">Bolsa Fam\u00edlia<\/a>.<\/p>\n\n\n\n<p><em>FONTE: terrabrasilnoticias.com<\/em><\/p>\n","protected":false},"excerpt":{"rendered":"<p>Em todo o Brasil, as ag\u00eancias daCaixa Econ\u00f4mica Federalabrir\u00e3o mais cedo nesta quarta-feira (22). A iniciativa faz parte de uma<\/p>\n","protected":false},"author":1,"featured_media":3753,"comment_status":"open","ping_status":"open","sticky":false,"template":"","format":"standard","meta":{"footnotes":""},"categories":[2],"tags":[],"class_list":["post-3752","post","type-post","status-publish","format-standard","has-post-thumbnail","hentry","category-noticias"],"_links":{"self":[{"href":"https:\/\/jornaloalvorada.com.br\/site\/wp-json\/wp\/v2\/posts\/3752","targetHints":{"allow":["GET"]}}],"collection":[{"href":"https:\/\/jornaloalvorada.com.br\/site\/wp-json\/wp\/v2\/posts"}],"about":[{"href":"https:\/\/jornaloalvorada.com.br\/site\/wp-json\/wp\/v2\/types\/post"}],"author":[{"embeddable":true,"href":"https:\/\/jornaloalvorada.com.br\/site\/wp-json\/wp\/v2\/users\/1"}],"replies":[{"embeddable":true,"href":"https:\/\/jornaloalvorada.com.br\/site\/wp-json\/wp\/v2\/comments?post=3752"}],"version-history":[{"count":1,"href":"https:\/\/jornaloalvorada.com.br\/site\/wp-json\/wp\/v2\/posts\/3752\/revisions"}],"predecessor-version":[{"id":3754,"href":"https:\/\/jornaloalvorada.com.br\/site\/wp-json\/wp\/v2\/posts\/3752\/revisions\/3754"}],"wp:featuredmedia":[{"embeddable":true,"href":"https:\/\/jornaloalvorada.com.br\/site\/wp-json\/wp\/v2\/media\/3753"}],"wp:attachment":[{"href":"https:\/\/jornaloalvorada.com.br\/site\/wp-json\/wp\/v2\/media?parent=3752"}],"wp:term":[{"taxonomy":"category","embeddable":true,"href":"https:\/\/jornaloalvorada.com.br\/site\/wp-json\/wp\/v2\/categories?post=3752"},{"taxonomy":"post_tag","embeddable":true,"href":"https:\/\/jornaloalvorada.com.br\/site\/wp-json\/wp\/v2\/tags?post=3752"}],"curies":[{"name":"wp","href":"https:\/\/api.w.org\/{rel}","templated":true}]}}