{"id":3748,"date":"2023-11-21T18:00:54","date_gmt":"2023-11-21T22:00:54","guid":{"rendered":"https:\/\/jornaloalvorada.com.br\/site\/?p=3748"},"modified":"2023-11-21T18:00:57","modified_gmt":"2023-11-21T22:00:57","slug":"idosos-da-melhor-idade-participam-de-festival-de-danca-coreografada","status":"publish","type":"post","link":"https:\/\/jornaloalvorada.com.br\/site\/2023\/11\/21\/idosos-da-melhor-idade-participam-de-festival-de-danca-coreografada\/","title":{"rendered":"Idosos da melhor idade participam de festival de Dan\u00e7a Coreografada"},"content":{"rendered":"\n<p>Idosos da melhor idade de Nova Alvorada do Sul participam de festival estadual de Dan\u00e7a Coreografada. O evento acontece em Ponta Por\u00e3 e re\u00fane representantes de todo o estado<\/p>\n\n\n\n<p>Os idosos do conviver est\u00e3o muito entusiasmados com a participa\u00e7\u00e3o no festival.<\/p>\n\n\n\n<figure class=\"wp-block-image size-full\"><img loading=\"lazy\" decoding=\"async\" width=\"800\" height=\"450\" src=\"https:\/\/jornaloalvorada.com.br\/site\/wp-content\/uploads\/2023\/11\/social1.jpg\" alt=\"\" class=\"wp-image-3749\" srcset=\"https:\/\/jornaloalvorada.com.br\/site\/wp-content\/uploads\/2023\/11\/social1.jpg 800w, https:\/\/jornaloalvorada.com.br\/site\/wp-content\/uploads\/2023\/11\/social1-300x169.jpg 300w, https:\/\/jornaloalvorada.com.br\/site\/wp-content\/uploads\/2023\/11\/social1-768x432.jpg 768w\" sizes=\"auto, (max-width: 800px) 100vw, 800px\" \/><\/figure>\n","protected":false},"excerpt":{"rendered":"<p>Idosos da melhor idade de Nova Alvorada do Sul participam de festival estadual de Dan\u00e7a Coreografada. O evento acontece em<\/p>\n","protected":false},"author":1,"featured_media":3750,"comment_status":"open","ping_status":"open","sticky":false,"template":"","format":"standard","meta":{"footnotes":""},"categories":[3],"tags":[],"class_list":["post-3748","post","type-post","status-publish","format-standard","has-post-thumbnail","hentry","category-social"],"_links":{"self":[{"href":"https:\/\/jornaloalvorada.com.br\/site\/wp-json\/wp\/v2\/posts\/3748","targetHints":{"allow":["GET"]}}],"collection":[{"href":"https:\/\/jornaloalvorada.com.br\/site\/wp-json\/wp\/v2\/posts"}],"about":[{"href":"https:\/\/jornaloalvorada.com.br\/site\/wp-json\/wp\/v2\/types\/post"}],"author":[{"embeddable":true,"href":"https:\/\/jornaloalvorada.com.br\/site\/wp-json\/wp\/v2\/users\/1"}],"replies":[{"embeddable":true,"href":"https:\/\/jornaloalvorada.com.br\/site\/wp-json\/wp\/v2\/comments?post=3748"}],"version-history":[{"count":1,"href":"https:\/\/jornaloalvorada.com.br\/site\/wp-json\/wp\/v2\/posts\/3748\/revisions"}],"predecessor-version":[{"id":3751,"href":"https:\/\/jornaloalvorada.com.br\/site\/wp-json\/wp\/v2\/posts\/3748\/revisions\/3751"}],"wp:featuredmedia":[{"embeddable":true,"href":"https:\/\/jornaloalvorada.com.br\/site\/wp-json\/wp\/v2\/media\/3750"}],"wp:attachment":[{"href":"https:\/\/jornaloalvorada.com.br\/site\/wp-json\/wp\/v2\/media?parent=3748"}],"wp:term":[{"taxonomy":"category","embeddable":true,"href":"https:\/\/jornaloalvorada.com.br\/site\/wp-json\/wp\/v2\/categories?post=3748"},{"taxonomy":"post_tag","embeddable":true,"href":"https:\/\/jornaloalvorada.com.br\/site\/wp-json\/wp\/v2\/tags?post=3748"}],"curies":[{"name":"wp","href":"https:\/\/api.w.org\/{rel}","templated":true}]}}