{"id":3737,"date":"2023-11-24T15:20:00","date_gmt":"2023-11-24T19:20:00","guid":{"rendered":"https:\/\/jornaloalvorada.com.br\/site\/?p=3737"},"modified":"2023-11-24T16:16:41","modified_gmt":"2023-11-24T20:16:41","slug":"prefeitura-convida-a-populacao-para-inauguracao-do-cci-maria-alzerina-alves","status":"publish","type":"post","link":"https:\/\/jornaloalvorada.com.br\/site\/2023\/11\/24\/prefeitura-convida-a-populacao-para-inauguracao-do-cci-maria-alzerina-alves\/","title":{"rendered":"Prefeitura convida a popula\u00e7\u00e3o para inaugura\u00e7\u00e3o do CCI Maria Alzerina Alves"},"content":{"rendered":"\n<p>A Prefeitura Municipal tem a alegria de convidar toda a popula\u00e7\u00e3o para a Inaugura\u00e7\u00e3o do CCI &#8211; Centro de Conviv\u00eancia da Pessoa Idosa, Maria Alzerina Alves.<\/p>\n\n\n\n<p><img loading=\"lazy\" decoding=\"async\" alt=\"\ud83d\udcc5\" src=\"https:\/\/static.xx.fbcdn.net\/images\/emoji.php\/v9\/t7e\/1\/16\/1f4c5.png\" width=\"16\" height=\"16\"> Data: Sexta-feira, 24 de novembro<\/p>\n\n\n\n<p><img loading=\"lazy\" decoding=\"async\" alt=\"\ud83d\udd56\" src=\"https:\/\/static.xx.fbcdn.net\/images\/emoji.php\/v9\/tae\/1\/16\/1f556.png\" width=\"16\" height=\"16\"> Hor\u00e1rio: A partir das 18 horas<\/p>\n\n\n\n<p>Venha fazer parte desse momento especial para nossos idosos<\/p>\n\n\n\n<figure class=\"wp-block-image size-full\"><img loading=\"lazy\" decoding=\"async\" width=\"503\" height=\"600\" src=\"https:\/\/jornaloalvorada.com.br\/site\/wp-content\/uploads\/2023\/11\/image-7.png\" alt=\"\" class=\"wp-image-3740\" srcset=\"https:\/\/jornaloalvorada.com.br\/site\/wp-content\/uploads\/2023\/11\/image-7.png 503w, https:\/\/jornaloalvorada.com.br\/site\/wp-content\/uploads\/2023\/11\/image-7-252x300.png 252w\" sizes=\"auto, (max-width: 503px) 100vw, 503px\" \/><\/figure>\n","protected":false},"excerpt":{"rendered":"<p>A Prefeitura Municipal tem a alegria de convidar toda a popula\u00e7\u00e3o para a Inaugura\u00e7\u00e3o do CCI &#8211; Centro de Conviv\u00eancia<\/p>\n","protected":false},"author":1,"featured_media":3738,"comment_status":"open","ping_status":"open","sticky":false,"template":"","format":"standard","meta":{"footnotes":""},"categories":[2],"tags":[],"class_list":["post-3737","post","type-post","status-publish","format-standard","has-post-thumbnail","hentry","category-noticias"],"_links":{"self":[{"href":"https:\/\/jornaloalvorada.com.br\/site\/wp-json\/wp\/v2\/posts\/3737","targetHints":{"allow":["GET"]}}],"collection":[{"href":"https:\/\/jornaloalvorada.com.br\/site\/wp-json\/wp\/v2\/posts"}],"about":[{"href":"https:\/\/jornaloalvorada.com.br\/site\/wp-json\/wp\/v2\/types\/post"}],"author":[{"embeddable":true,"href":"https:\/\/jornaloalvorada.com.br\/site\/wp-json\/wp\/v2\/users\/1"}],"replies":[{"embeddable":true,"href":"https:\/\/jornaloalvorada.com.br\/site\/wp-json\/wp\/v2\/comments?post=3737"}],"version-history":[{"count":2,"href":"https:\/\/jornaloalvorada.com.br\/site\/wp-json\/wp\/v2\/posts\/3737\/revisions"}],"predecessor-version":[{"id":3741,"href":"https:\/\/jornaloalvorada.com.br\/site\/wp-json\/wp\/v2\/posts\/3737\/revisions\/3741"}],"wp:featuredmedia":[{"embeddable":true,"href":"https:\/\/jornaloalvorada.com.br\/site\/wp-json\/wp\/v2\/media\/3738"}],"wp:attachment":[{"href":"https:\/\/jornaloalvorada.com.br\/site\/wp-json\/wp\/v2\/media?parent=3737"}],"wp:term":[{"taxonomy":"category","embeddable":true,"href":"https:\/\/jornaloalvorada.com.br\/site\/wp-json\/wp\/v2\/categories?post=3737"},{"taxonomy":"post_tag","embeddable":true,"href":"https:\/\/jornaloalvorada.com.br\/site\/wp-json\/wp\/v2\/tags?post=3737"}],"curies":[{"name":"wp","href":"https:\/\/api.w.org\/{rel}","templated":true}]}}