{"id":3734,"date":"2023-11-21T10:10:43","date_gmt":"2023-11-21T14:10:43","guid":{"rendered":"https:\/\/jornaloalvorada.com.br\/site\/?p=3734"},"modified":"2023-11-21T10:10:46","modified_gmt":"2023-11-21T14:10:46","slug":"calor-causou-70-mil-mortes-na-europa-em-2022","status":"publish","type":"post","link":"https:\/\/jornaloalvorada.com.br\/site\/2023\/11\/21\/calor-causou-70-mil-mortes-na-europa-em-2022\/","title":{"rendered":"Calor causou 70 mil mortes na Europa em 2022"},"content":{"rendered":"\n<p>Estudo divulgado nesta ter\u00e7a-feira (21)&nbsp;pelo Instituto de Sa\u00fade Global de Barcelona (ISGlobal) mostra&nbsp;que cerca de 70 mil pessoas podem ter morrido em toda a Europa&nbsp;em 2022, em consequ\u00eancia&nbsp;de&nbsp;temperaturas de calor extremo.<img decoding=\"async\" src=\"https:\/\/agenciabrasil.ebc.com.br\/ebc.png?id=1567878&amp;o=node\"><img decoding=\"async\" src=\"https:\/\/agenciabrasil.ebc.com.br\/ebc.gif?id=1567878&amp;o=node\"><\/p>\n\n\n\n<p>Em comunicado, o ISGlobal explicou que a pesquisa, publicada na revista<em> The Lance<\/em>t <em>Regional Health-Europe<\/em>, rev\u00ea em alta as estimativas feitas at\u00e9 agora sobre as mortes associadas \u00e0s temperaturas recordes registradas no ver\u00e3o do ano passado no continente europeu.<\/p>\n\n\n\n<p>Os autores reconhecem que&nbsp;levantamento&nbsp;divulgado&nbsp;anteriormente na revista <em>Nature Medicine<\/em>, a metodologia utilizada, baseada em m\u00e9dias semanais de temperatura, subestimava a mortalidade atribu\u00edda ao calor, uma vez que s\u00e3o necess\u00e1rios dados di\u00e1rios para estimar com precis\u00e3o o impacto dos picos de temperaturas extremas.<\/p>\n\n\n\n<p>Publicada em julho, essa primeira investiga\u00e7\u00e3o estimava a morte de 62.800 pessoas no ano passado.<\/p>\n\n\n\n<p>Os investigadores aplicaram agora uma an\u00e1lise exaustiva dos dados, recolhendo s\u00e9ries di\u00e1rias de temperatura e mortalidade em 147 regi\u00f5es de 16 pa\u00edses europeus entre 1998 e 2004, e compararam depois as estimativas de mortalidade relacionadas com o calor e o frio em&nbsp;diferentes n\u00edveis de classifica\u00e7\u00e3o: semanas, quinzenas e meses.<\/p>\n\n\n\n<p>Os dados revelaram diferen\u00e7as nas estimativas epidemiol\u00f3gicas de acordo com a escala temporal de classifica\u00e7\u00e3o e confirmaram que o resumo dos dados di\u00e1rios em per\u00edodos de tempo superiores a um dia subestima o impacto das temperaturas na mortalidade.<\/p>\n\n\n\n<p>Concretamente para o per\u00edodo entre 1998 e 2004, o modelo de dados di\u00e1rios estimou a mortalidade relacionada com o frio e o calor em 290.104 e 39.434 mortes prematuras&nbsp;respectivamente, enquanto o modelo semanal apresentou valores 8,56% e 21,56% inferiores para essas duas estimativas.<\/p>\n\n\n\n<p><em><strong>Fonte: Ag\u00eancia Brasil<\/strong><\/em><\/p>\n","protected":false},"excerpt":{"rendered":"<p>Estudo divulgado nesta ter\u00e7a-feira (21)&nbsp;pelo Instituto de Sa\u00fade Global de Barcelona (ISGlobal) mostra&nbsp;que cerca de 70 mil pessoas podem ter<\/p>\n","protected":false},"author":1,"featured_media":3735,"comment_status":"open","ping_status":"open","sticky":false,"template":"","format":"standard","meta":{"footnotes":""},"categories":[2],"tags":[],"class_list":["post-3734","post","type-post","status-publish","format-standard","has-post-thumbnail","hentry","category-noticias"],"_links":{"self":[{"href":"https:\/\/jornaloalvorada.com.br\/site\/wp-json\/wp\/v2\/posts\/3734","targetHints":{"allow":["GET"]}}],"collection":[{"href":"https:\/\/jornaloalvorada.com.br\/site\/wp-json\/wp\/v2\/posts"}],"about":[{"href":"https:\/\/jornaloalvorada.com.br\/site\/wp-json\/wp\/v2\/types\/post"}],"author":[{"embeddable":true,"href":"https:\/\/jornaloalvorada.com.br\/site\/wp-json\/wp\/v2\/users\/1"}],"replies":[{"embeddable":true,"href":"https:\/\/jornaloalvorada.com.br\/site\/wp-json\/wp\/v2\/comments?post=3734"}],"version-history":[{"count":1,"href":"https:\/\/jornaloalvorada.com.br\/site\/wp-json\/wp\/v2\/posts\/3734\/revisions"}],"predecessor-version":[{"id":3736,"href":"https:\/\/jornaloalvorada.com.br\/site\/wp-json\/wp\/v2\/posts\/3734\/revisions\/3736"}],"wp:featuredmedia":[{"embeddable":true,"href":"https:\/\/jornaloalvorada.com.br\/site\/wp-json\/wp\/v2\/media\/3735"}],"wp:attachment":[{"href":"https:\/\/jornaloalvorada.com.br\/site\/wp-json\/wp\/v2\/media?parent=3734"}],"wp:term":[{"taxonomy":"category","embeddable":true,"href":"https:\/\/jornaloalvorada.com.br\/site\/wp-json\/wp\/v2\/categories?post=3734"},{"taxonomy":"post_tag","embeddable":true,"href":"https:\/\/jornaloalvorada.com.br\/site\/wp-json\/wp\/v2\/tags?post=3734"}],"curies":[{"name":"wp","href":"https:\/\/api.w.org\/{rel}","templated":true}]}}