{"id":3731,"date":"2023-11-21T10:09:48","date_gmt":"2023-11-21T14:09:48","guid":{"rendered":"https:\/\/jornaloalvorada.com.br\/site\/?p=3731"},"modified":"2023-11-21T10:09:51","modified_gmt":"2023-11-21T14:09:51","slug":"expansao-de-negocios-em-ribas-mostra-sabor-do-progresso-em-cidade-em-pleno-boom-economico","status":"publish","type":"post","link":"https:\/\/jornaloalvorada.com.br\/site\/2023\/11\/21\/expansao-de-negocios-em-ribas-mostra-sabor-do-progresso-em-cidade-em-pleno-boom-economico\/","title":{"rendered":"Expans\u00e3o de neg\u00f3cios em Ribas mostra \u201csabor do progresso\u201d em cidade em pleno boom econ\u00f4mico"},"content":{"rendered":"\n<p>Quem chega a Ribas do Rio Pardo e segue pela Avenida Aureliano Moura Brand\u00e3o, principal via da cidade, vai encontrar l\u00e1 na frente uma pequena porta que indica a entrada do Restaurante Bom Apetite. Ao entrar no local se espanta com um corredor amplo e extenso que recebe at\u00e9 300 clientes por dia na hora do almo\u00e7o. H\u00e1 oito anos atr\u00e1s eram s\u00f3 30 refei\u00e7\u00f5es por dia. Isto representa o \u201csabor do progresso\u201d e o desenvolvimento do munic\u00edpio que est\u00e1 em pleno crescimento.<\/p>\n\n\n\n<figure class=\"wp-block-image\" id=\"attachment_457108\"><a href=\"https:\/\/agenciadenoticias.ms.gov.br\/wp-content\/uploads\/2023\/11\/Ribas-do-Rio-Pardo-Foto-Saul-Schramm-18-scaled.jpg\"><img decoding=\"async\" src=\"https:\/\/agenciadenoticias.ms.gov.br\/wp-content\/uploads\/2023\/11\/Ribas-do-Rio-Pardo-Foto-Saul-Schramm-18-300x190.jpg\" alt=\"\" class=\"wp-image-457108\"\/><\/a><figcaption class=\"wp-element-caption\"><em>Restaurante j\u00e1 est\u00e1 na terceira reforma<\/em><\/figcaption><\/figure>\n\n\n\n<p>Com a chegada da f\u00e1brica da Suzano em Ribas do Rio Pardo, a cidade convive com o \u201cboom\u201d econ\u00f4mico que traz resultados em todas as \u00e1reas. Foi neste contexto que os paulistas Ricardo Alegre Lehm e Solange Andreia Dalla Pria Lehm conseguiram expandir seu neg\u00f3cio, promover tr\u00eas reformas seguidas no estabelecimento e aumentar em dez vezes o n\u00famero de clientes nos \u00faltimos anos.<\/p>\n\n\n\n<p>\u201cCome\u00e7amos nosso restaurante em 2015. Eram seis mesas pequenas, onde serv\u00edamos 30 a 40 refei\u00e7\u00f5es por dia. O sal\u00e3o era bem menor e nosso crescimento foi aos poucos. No in\u00edcio era eu, minha esposa e dois funcion\u00e1rios, a gente levantava a bola e seguia para cabecear. No meu caso atendia o sal\u00e3o e corria para fazer as entregas\u201d, conta Ricardo Lehm.<\/p>\n\n\n\n<figure class=\"wp-block-image\"><a href=\"https:\/\/agenciadenoticias.ms.gov.br\/ribas-do-rio-pardo-foto-saul-schramm-11\/\"><img decoding=\"async\" src=\"https:\/\/agenciadenoticias.ms.gov.br\/wp-content\/uploads\/2023\/11\/Ribas-do-Rio-Pardo-Foto-Saul-Schramm-11-1024x643.jpg\" alt=\"\"\/><\/a><\/figure>\n\n\n\n<figure class=\"wp-block-image\"><a href=\"https:\/\/agenciadenoticias.ms.gov.br\/expansao-de-negocios-em-ribas-mostra-sabor-do-progresso-em-cidade-em-pleno-boom-economico\/restaurante-ribas\/\"><img decoding=\"async\" src=\"https:\/\/agenciadenoticias.ms.gov.br\/wp-content\/uploads\/2023\/11\/restaurante-ribas-1024x647.jpg\" alt=\"\"\/><\/a><\/figure>\n\n\n\n<p>Natural do ABC Paulista e criado na cidade de Panorama, em S\u00e3o Paulo, ele veio para Ribas com o sonho de abrir um neg\u00f3cio. \u201cEscolhemos o setor de alimenta\u00e7\u00e3o porque quer\u00edamos uma \u00e1rea que teria demanda o ano inteiro, que mesmo com crise ou sem crise vai continuar tendo clientes, por isso montamos o restaurante\u201d.<\/p>\n\n\n\n<p>O esfor\u00e7o, dedica\u00e7\u00e3o e empenho fez com que o restaurante aumentasse os clientes e assim exigiu duas reformas, ampliando o sal\u00e3o para atender a demanda. Mas a grande expans\u00e3o chegou quando foi anunciada um f\u00e1brica de celulose na cidade. \u201cQuando houve o an\u00fancio seguimos para terceira expans\u00e3o, maior que as demais, que estamos concluindo agora. A chegada da f\u00e1brica nos deu motiva\u00e7\u00e3o e otimismo com aumento da demanda\u201d.<\/p>\n\n\n\n<figure class=\"wp-block-image\" id=\"attachment_457106\"><a href=\"https:\/\/agenciadenoticias.ms.gov.br\/wp-content\/uploads\/2023\/11\/Ribas-do-Rio-Pardo-Foto-Saul-Schramm-15-scaled.jpg\"><img decoding=\"async\" src=\"https:\/\/agenciadenoticias.ms.gov.br\/wp-content\/uploads\/2023\/11\/Ribas-do-Rio-Pardo-Foto-Saul-Schramm-15-1024x645.jpg\" alt=\"\" class=\"wp-image-457106\"\/><\/a><figcaption class=\"wp-element-caption\"><em>Ricardo Alegre Lehm e Solange Andreia Dalla Pria Lehm<\/em><\/figcaption><\/figure>\n\n\n\n<p>O otimismo veio junto com os resultados e hoje o estabelecimento atende de 250 a 300 clientes por dia. O movimento come\u00e7a \u00e0s 11h e segue intenso at\u00e9 \u00e0s 14h, em um corredor longo de mesas. \u201cChegamos neste patamar e vamos crescer mais 15% com as \u00faltimas interven\u00e7\u00f5es, o faturamento cresceu junto. A cozinha que era na frente, hoje fica no final do terreno. Chegamos ao limite. Agora se quisermos temos que crescer para os lados\u201d.<\/p>\n\n\n\n<p>Ele conta que mudou a diversidade de clientes, reflexo deste novo momento da cidade. \u201cRecebemos agora gente de outras cidades, estados e at\u00e9 de outros pa\u00edses. Muitos clientes diferentes, isto \u00e9 o reflexo da f\u00e1brica aqui na cidade. Hoje Ribas est\u00e1 no olho do furac\u00e3o, n\u00e3o sabemos a propor\u00e7\u00e3o que vai chegar\u201d.<\/p>\n\n\n\n<p>Ricardo nota que n\u00e3o \u00e9 apenas seu restaurante que est\u00e1 em plena evolu\u00e7\u00e3o, mas muitos com\u00e9rcios da cidade tiveram aumento de clientes e com isto contrata\u00e7\u00e3o maior de funcion\u00e1rios. \u201cNossa inten\u00e7\u00e3o \u00e9 continuar aqui na cidade e investir mais, temos motiva\u00e7\u00e3o e esperan\u00e7a para o futuro, se a pessoa quiser investir aqui ter\u00e1 oportunidades, \u00e9 um lugar de trabalho\u201d.<\/p>\n\n\n\n<figure class=\"wp-block-image\" id=\"attachment_457111\"><a href=\"https:\/\/agenciadenoticias.ms.gov.br\/wp-content\/uploads\/2023\/11\/Ribas-do-Rio-Pardo-Foto-Saul-Schramm-21-scaled.jpg\"><img decoding=\"async\" src=\"https:\/\/agenciadenoticias.ms.gov.br\/wp-content\/uploads\/2023\/11\/Ribas-do-Rio-Pardo-Foto-Saul-Schramm-21-1024x644.jpg\" alt=\"\" class=\"wp-image-457111\"\/><\/a><figcaption class=\"wp-element-caption\"><em>F\u00e1brica de celulose em Ribas tem investimento bilion\u00e1rio<\/em><\/figcaption><\/figure>\n\n\n\n<p><strong>Projetos e obras essenciais<\/strong><\/p>\n\n\n\n<p>Com a constru\u00e7\u00e3o da f\u00e1brica de celulose da Suzano, que vai dispor de R$ 19 bilh\u00f5es de investimento, Ribas do Rio Pardo passou a ser um polo de oportunidades e expans\u00e3o da economia. Diversos setores s\u00e3o beneficiados com esta nova realidade. Cumprindo sua parte o Governo do Estado faz uma s\u00e9rie de investimentos no munic\u00edpio.<\/p>\n\n\n\n<p>Na \u00e1rea de educa\u00e7\u00e3o e habita\u00e7\u00e3o est\u00e3o previstas novas moradias e escolas na cidade. Da Rede Estadual de Ensino s\u00e3o duas unidades escolares, e uma terceira que deve ser entregue em breve. Para contribuir com a casa pr\u00f3pria s\u00e3o mais 250 lotes urbanizados, onde o Estado ajuda o cidad\u00e3o a construir sua moradia.<\/p>\n\n\n\n<p>O Hospital Municipal Jos\u00e9 Maria Marques Domingues foi ampliado em agosto e dobrou seu tamanho, com aumento no atendimento \u00e0 popula\u00e7\u00e3o. Ele ganhou dez novos leitos de UTI (Unidade de Terapia Intensiva) e 20 leitos de enfermaria, al\u00e9m de ampliar o Pronto Socorro. Neste caso os custos foram arcados pela Suzano.<\/p>\n\n\n\n<figure class=\"wp-block-image\" id=\"attachment_443382\"><a href=\"https:\/\/agenciadenoticias.ms.gov.br\/wp-content\/uploads\/2023\/07\/Obras-na-MS-338-em-Camapua-Foto-Bruno-Rezende-07-scaled.jpg\"><img decoding=\"async\" src=\"https:\/\/agenciadenoticias.ms.gov.br\/wp-content\/uploads\/2023\/07\/Obras-na-MS-338-em-Camapua-Foto-Bruno-Rezende-07-1024x683.jpg\" alt=\"\" class=\"wp-image-443382\"\/><\/a><figcaption class=\"wp-element-caption\"><em>Obras de pavimenta\u00e7\u00e3o da MS-338, que liga Ribas a Camapu\u00e3 (Foto: Bruno Rezende)<\/em><\/figcaption><\/figure>\n\n\n\n<p>Na \u00e1rea de infraestrutura o Estado segue com grandes obras estruturantes, entre elas a pavimenta\u00e7\u00e3o da rodovia MS-338, que liga Ribas a Camapu\u00e3, em dois lotes que juntos somam 111,5 km, com investimento de mais de R$ 250 milh\u00f5es. A implanta\u00e7\u00e3o de asfalto na MS-357 tamb\u00e9m segue em andamento na regi\u00e3o. Para ajudar no acesso est\u00e1 sendo constru\u00edda uma ponte de concreto sobre o C\u00f3rrego da Viga no munic\u00edpio.<\/p>\n\n\n\n<p>Ribas ainda foi inclu\u00eddo nos programas \u201cB\u00f4nus Moradia\u201d, que ajuda no financiamento de im\u00f3veis, e no \u201cMS Qualifica\u201d, que vai promover a qualifica\u00e7\u00e3o profissional dos trabalhadores, em parceria com a iniciativa privada e \u201cSistema S\u201d. O objetivo \u00e9 que o crescimento econ\u00f4mico da cidade siga junto com uma infraestrutura adequada para atender os moradores.<\/p>\n\n\n\n<p>\u201cAqui o desenvolvimento \u00e9 muito acelerado. Um projeto dessa envergadura n\u00e3o \u00e9 simples. Nosso foco \u00e9 contribuir com o desenvolvimento e destravar os problemas. Promover obras e a\u00e7\u00f5es importantes para cidade, sempre pensando na qualidade de vida do cidad\u00e3o, prosperidade com inclus\u00e3o. Sem deixar ningu\u00e9m para tr\u00e1s\u201d, afirmou o governador Eduardo Riedel.<\/p>\n\n\n\n<figure class=\"wp-block-image\" id=\"attachment_457110\"><a href=\"https:\/\/agenciadenoticias.ms.gov.br\/wp-content\/uploads\/2023\/11\/Ribas-do-Rio-Pardo-Foto-Saul-Schramm-scaled.jpg\"><img decoding=\"async\" src=\"https:\/\/agenciadenoticias.ms.gov.br\/wp-content\/uploads\/2023\/11\/Ribas-do-Rio-Pardo-Foto-Saul-Schramm-1024x599.jpg\" alt=\"\" class=\"wp-image-457110\"\/><\/a><figcaption class=\"wp-element-caption\"><em>Ribas do Rio Pardo tem nova realidade econ\u00f4mica em diferentes setores<\/em><\/figcaption><\/figure>\n\n\n\n<p><em>Leonardo Rocha, Comunica\u00e7\u00e3o do Governo de MS<\/em> <em>Fotos: Saul Schramm<\/em><\/p>\n","protected":false},"excerpt":{"rendered":"<p>Quem chega a Ribas do Rio Pardo e segue pela Avenida Aureliano Moura Brand\u00e3o, principal via da cidade, vai encontrar<\/p>\n","protected":false},"author":1,"featured_media":3732,"comment_status":"open","ping_status":"open","sticky":false,"template":"","format":"standard","meta":{"footnotes":""},"categories":[2],"tags":[],"class_list":["post-3731","post","type-post","status-publish","format-standard","has-post-thumbnail","hentry","category-noticias"],"_links":{"self":[{"href":"https:\/\/jornaloalvorada.com.br\/site\/wp-json\/wp\/v2\/posts\/3731","targetHints":{"allow":["GET"]}}],"collection":[{"href":"https:\/\/jornaloalvorada.com.br\/site\/wp-json\/wp\/v2\/posts"}],"about":[{"href":"https:\/\/jornaloalvorada.com.br\/site\/wp-json\/wp\/v2\/types\/post"}],"author":[{"embeddable":true,"href":"https:\/\/jornaloalvorada.com.br\/site\/wp-json\/wp\/v2\/users\/1"}],"replies":[{"embeddable":true,"href":"https:\/\/jornaloalvorada.com.br\/site\/wp-json\/wp\/v2\/comments?post=3731"}],"version-history":[{"count":1,"href":"https:\/\/jornaloalvorada.com.br\/site\/wp-json\/wp\/v2\/posts\/3731\/revisions"}],"predecessor-version":[{"id":3733,"href":"https:\/\/jornaloalvorada.com.br\/site\/wp-json\/wp\/v2\/posts\/3731\/revisions\/3733"}],"wp:featuredmedia":[{"embeddable":true,"href":"https:\/\/jornaloalvorada.com.br\/site\/wp-json\/wp\/v2\/media\/3732"}],"wp:attachment":[{"href":"https:\/\/jornaloalvorada.com.br\/site\/wp-json\/wp\/v2\/media?parent=3731"}],"wp:term":[{"taxonomy":"category","embeddable":true,"href":"https:\/\/jornaloalvorada.com.br\/site\/wp-json\/wp\/v2\/categories?post=3731"},{"taxonomy":"post_tag","embeddable":true,"href":"https:\/\/jornaloalvorada.com.br\/site\/wp-json\/wp\/v2\/tags?post=3731"}],"curies":[{"name":"wp","href":"https:\/\/api.w.org\/{rel}","templated":true}]}}