{"id":3728,"date":"2023-11-21T10:08:53","date_gmt":"2023-11-21T14:08:53","guid":{"rendered":"https:\/\/jornaloalvorada.com.br\/site\/?p=3728"},"modified":"2023-11-21T10:08:56","modified_gmt":"2023-11-21T14:08:56","slug":"terca-feira-tem-previsao-de-chuvas-e-tempo-instavel-atinge-todo-o-estado","status":"publish","type":"post","link":"https:\/\/jornaloalvorada.com.br\/site\/2023\/11\/21\/terca-feira-tem-previsao-de-chuvas-e-tempo-instavel-atinge-todo-o-estado\/","title":{"rendered":"Ter\u00e7a-feira tem previs\u00e3o de chuvas e tempo inst\u00e1vel atinge todo o Estado"},"content":{"rendered":"\n<p>A previs\u00e3o do Cemtec (Centro de Monitoramento do Tempo e do Clima) para esta ter\u00e7a-feira (21) \u00e9 de tempo inst\u00e1vel, com probabilidade de chuvas e tempestades acompanhadas de raios, rajadas de vento e eventual queda de granizo. A atua\u00e7\u00e3o de uma \u00e1rea de baixa press\u00e3o atmosf\u00e9rica sobre o Paraguai e o deslocamento de cavados favorecem a forma\u00e7\u00e3o de nuvens e chuvas em grande parte de Mato Grosso do Sul.<\/p>\n\n\n\n<p>Neste dia, os term\u00f4metros em Campo Grande registram 24\u00b0C inicialmente e podem chegar a 31\u00b0C ao longo do dia. Em Dourados, a m\u00ednima \u00e9 de 25\u00b0C e a m\u00e1xima de 35\u00b0C. Na fronteira com o Paraguai, Ponta Por\u00e3 tem varia\u00e7\u00e3o entre 22\u00b0C e 30\u00b0C. Os munic\u00edpios de Iguatemi e Anauril\u00e2ndia amanhecem com 23\u00b0C e marcam 33\u00b0C no per\u00edodo da tarde.<\/p>\n\n\n\n<p>No Bols\u00e3o, Parana\u00edba e Tr\u00eas Lagoas iniciam o dia com 24\u00b0C, com m\u00e1ximas que atingem 32\u00b0C e 33\u00b0C, respectivamente. Na regi\u00e3o Norte, Coxim e Camapu\u00e3 apresentam temperaturas semelhantes, com valores que variam de 23\u00b0C a 33\u00b0C.<\/p>\n\n\n\n<p>As regi\u00f5es Pantanal e Sudoeste do Estado s\u00e3o respons\u00e1veis por registrar a temperatura mais alta desta ter\u00e7a-feira. Corumb\u00e1 e Porto Murtinho apresentam m\u00ednimas de 25\u00b0C e podem chegar a 35\u00b0C nos hor\u00e1rios mais quentes do dia.<\/p>\n\n\n\n<figure class=\"wp-block-image\"><a href=\"https:\/\/agenciadenoticias.ms.gov.br\/wp-content\/uploads\/2023\/11\/mapa-tempo-21-de-nov.jpg\"><img decoding=\"async\" src=\"https:\/\/agenciadenoticias.ms.gov.br\/wp-content\/uploads\/2023\/11\/mapa-tempo-21-de-nov.jpg\" alt=\"\" class=\"wp-image-456974\"\/><\/a><\/figure>\n\n\n\n<p><em>Heloisa Duim, do Programa de Est\u00e1gio Supervisionado<\/em><\/p>\n\n\n\n<p><em>Foto: Saul Schramm<\/em><\/p>\n","protected":false},"excerpt":{"rendered":"<p>A previs\u00e3o do Cemtec (Centro de Monitoramento do Tempo e do Clima) para esta ter\u00e7a-feira (21) \u00e9 de tempo inst\u00e1vel,<\/p>\n","protected":false},"author":1,"featured_media":3729,"comment_status":"open","ping_status":"open","sticky":false,"template":"","format":"standard","meta":{"footnotes":""},"categories":[2],"tags":[],"class_list":["post-3728","post","type-post","status-publish","format-standard","has-post-thumbnail","hentry","category-noticias"],"_links":{"self":[{"href":"https:\/\/jornaloalvorada.com.br\/site\/wp-json\/wp\/v2\/posts\/3728","targetHints":{"allow":["GET"]}}],"collection":[{"href":"https:\/\/jornaloalvorada.com.br\/site\/wp-json\/wp\/v2\/posts"}],"about":[{"href":"https:\/\/jornaloalvorada.com.br\/site\/wp-json\/wp\/v2\/types\/post"}],"author":[{"embeddable":true,"href":"https:\/\/jornaloalvorada.com.br\/site\/wp-json\/wp\/v2\/users\/1"}],"replies":[{"embeddable":true,"href":"https:\/\/jornaloalvorada.com.br\/site\/wp-json\/wp\/v2\/comments?post=3728"}],"version-history":[{"count":1,"href":"https:\/\/jornaloalvorada.com.br\/site\/wp-json\/wp\/v2\/posts\/3728\/revisions"}],"predecessor-version":[{"id":3730,"href":"https:\/\/jornaloalvorada.com.br\/site\/wp-json\/wp\/v2\/posts\/3728\/revisions\/3730"}],"wp:featuredmedia":[{"embeddable":true,"href":"https:\/\/jornaloalvorada.com.br\/site\/wp-json\/wp\/v2\/media\/3729"}],"wp:attachment":[{"href":"https:\/\/jornaloalvorada.com.br\/site\/wp-json\/wp\/v2\/media?parent=3728"}],"wp:term":[{"taxonomy":"category","embeddable":true,"href":"https:\/\/jornaloalvorada.com.br\/site\/wp-json\/wp\/v2\/categories?post=3728"},{"taxonomy":"post_tag","embeddable":true,"href":"https:\/\/jornaloalvorada.com.br\/site\/wp-json\/wp\/v2\/tags?post=3728"}],"curies":[{"name":"wp","href":"https:\/\/api.w.org\/{rel}","templated":true}]}}